{"id":11205,"date":"2022-10-21T08:19:00","date_gmt":"2022-10-21T11:19:00","guid":{"rendered":"http:\/\/puntodereferencia.com.ar\/?p=11205"},"modified":"2022-10-23T08:22:05","modified_gmt":"2022-10-23T11:22:05","slug":"salud-comunica-cronograma-de-las-vacunas-contra-el-sarampion-covid-19-y-gripe","status":"publish","type":"post","link":"https:\/\/puntodereferencia.com.ar\/index.php\/2022\/10\/21\/salud-comunica-cronograma-de-las-vacunas-contra-el-sarampion-covid-19-y-gripe\/","title":{"rendered":"Salud comunica cronograma de las vacunas contra el Sarampi\u00f3n, Covid-19 y Gripe"},"content":{"rendered":"\n<p>El Ministerio de Salud P\u00fablica a trav\u00e9s de la Direcci\u00f3n de Inmunizaciones, contin\u00faa con las Campa\u00f1as contra Sarampi\u00f3n, Rube\u00f3la, Paperas y Poliomielitis; contra el Covid-19; y Antigripal 2022 para la poblaci\u00f3n que se encuentra dentro del grupo de riesgo.<\/p>\n\n\n\n<p>S\u00e1bado, de 8 a 12 y de 14 a 17<\/p>\n\n\n\n<p><strong>VACUNACION SARAMPION-RUBEOLA-PAPERA-POLIO<\/strong><\/p>\n\n\n\n<p>Para ni\u00f1os de 13 meses a 4 a\u00f1os inclusive.<\/p>\n\n\n\n<p>Campus Sargento Cabral (Av. Sargento Cabral 2001)<\/p>\n\n\n\n<p>Facultad de Medicina (ingreso por Moreno)<\/p>\n\n\n\n<p><strong>VACUNACION COVID-19<\/strong><\/p>\n\n\n\n<p>Asimismo, contin\u00faa la Campa\u00f1a de Vacunaci\u00f3n contra el Covid-19. Se completar\u00e1n y reforzar\u00e1n esquemas.<\/p>\n\n\n\n<p>-PRIMERA DOSIS PARA NI\u00d1OS DESDE LOS 6 MESES<\/p>\n\n\n\n<p>-PRIMERA, SEGUNDA Y DOSIS DE REFUERZO PARA PERSONAS MAYORES DE 3 A\u00d1OS<\/p>\n\n\n\n<p>-Campus Sargento Cabral (Av. Sargento Cabral 2001)<\/p>\n\n\n\n<p>-Facultad de Medicina (ingreso por Moreno)<\/p>\n\n\n\n<p><strong>VACUNACI\u00d3N ANTIGRIPAL<\/strong><\/p>\n\n\n\n<p>Para personal de salud, embarazadas (cualquier mes de gestaci\u00f3n), personas entre 2 a 64 a\u00f1os con factores de riesgo (presentar certificaci\u00f3n que avale dicha condici\u00f3n) y para los mayores de 65 a\u00f1os.<\/p>\n\n\n\n<p>-Campus Sargento Cabral (Av. Sargento Cabral 2001)<\/p>\n\n\n\n<p>-Facultad de Medicina (ingreso por Moreno).<\/p>\n\n\n\n<p>Las vacunas antigripales tambi\u00e9n est\u00e1n disponibles en los CAPS y en las SAPS.<\/p>\n\n\n\n<p>Se recuerda presentar carnet de vacunaci\u00f3n.<\/p>\n\n\n\n<p>En el interior estas campa\u00f1as se llevan adelante en forma articulada con los hospitales locales.<\/p>\n\n\n\n<figure class=\"wp-block-image size-large\"><img loading=\"lazy\" decoding=\"async\" width=\"1024\" height=\"1024\" src=\"http:\/\/puntodereferencia.com.ar\/wp-content\/uploads\/2022\/10\/79c12ea1baa49ad284a2b1eed9e0fc303e8e4962-1024x1024.jpg\" alt=\"\" class=\"wp-image-11207\" srcset=\"https:\/\/puntodereferencia.com.ar\/wp-content\/uploads\/2022\/10\/79c12ea1baa49ad284a2b1eed9e0fc303e8e4962-1024x1024.jpg 1024w, https:\/\/puntodereferencia.com.ar\/wp-content\/uploads\/2022\/10\/79c12ea1baa49ad284a2b1eed9e0fc303e8e4962-300x300.jpg 300w, https:\/\/puntodereferencia.com.ar\/wp-content\/uploads\/2022\/10\/79c12ea1baa49ad284a2b1eed9e0fc303e8e4962-150x150.jpg 150w, https:\/\/puntodereferencia.com.ar\/wp-content\/uploads\/2022\/10\/79c12ea1baa49ad284a2b1eed9e0fc303e8e4962-768x768.jpg 768w, https:\/\/puntodereferencia.com.ar\/wp-content\/uploads\/2022\/10\/79c12ea1baa49ad284a2b1eed9e0fc303e8e4962.jpg 1280w\" sizes=\"auto, (max-width: 1024px) 100vw, 1024px\" \/><\/figure>\n","protected":false},"excerpt":{"rendered":"<p>El Ministerio de Salud P\u00fablica a trav\u00e9s de la Direcci\u00f3n de Inmunizaciones, contin\u00faa con las Campa\u00f1as contra Sarampi\u00f3n, Rube\u00f3la, Paperas<\/p>\n","protected":false},"author":3,"featured_media":11206,"comment_status":"open","ping_status":"open","sticky":false,"template":"","format":"standard","meta":{"colormag_page_container_layout":"default_layout","colormag_page_sidebar_layout":"default_layout","footnotes":""},"categories":[3,7,9,5],"tags":[],"class_list":["post-11205","post","type-post","status-publish","format-standard","has-post-thumbnail","hentry","category-politica","category-provincia","category-salud","category-sociedad"],"yoast_head":"<!-- This site is optimized with the Yoast SEO plugin v17.2.1 - https:\/\/yoast.com\/wordpress\/plugins\/seo\/ -->\n<title>Salud comunica cronograma de las vacunas contra el Sarampi\u00f3n, Covid-19 y Gripe - Punto de Referencia<\/title>\n<meta name=\"robots\" content=\"index, follow, max-snippet:-1, max-image-preview:large, max-video-preview:-1\" \/>\n<link rel=\"canonical\" href=\"https:\/\/puntodereferencia.com.ar\/index.php\/2022\/10\/21\/salud-comunica-cronograma-de-las-vacunas-contra-el-sarampion-covid-19-y-gripe\/\" \/>\n<meta property=\"og:locale\" content=\"es_ES\" \/>\n<meta property=\"og:type\" content=\"article\" \/>\n<meta property=\"og:title\" content=\"Salud comunica cronograma de las vacunas contra el Sarampi\u00f3n, Covid-19 y Gripe - Punto de Referencia\" \/>\n<meta property=\"og:description\" content=\"El Ministerio de Salud P\u00fablica a trav\u00e9s de la Direcci\u00f3n de Inmunizaciones, contin\u00faa con las Campa\u00f1as contra Sarampi\u00f3n, Rube\u00f3la, Paperas\" \/>\n<meta property=\"og:url\" content=\"https:\/\/puntodereferencia.com.ar\/index.php\/2022\/10\/21\/salud-comunica-cronograma-de-las-vacunas-contra-el-sarampion-covid-19-y-gripe\/\" \/>\n<meta property=\"og:site_name\" content=\"Punto de Referencia\" \/>\n<meta property=\"article:published_time\" content=\"2022-10-21T11:19:00+00:00\" \/>\n<meta property=\"article:modified_time\" content=\"2022-10-23T11:22:05+00:00\" \/>\n<meta property=\"og:image\" content=\"http:\/\/puntodereferencia.com.ar\/wp-content\/uploads\/2022\/10\/fc775e2290a4391055f7b4c007d9e495c413d5df.jpg\" \/>\n\t<meta property=\"og:image:width\" content=\"1280\" \/>\n\t<meta property=\"og:image:height\" content=\"1280\" \/>\n<meta name=\"twitter:card\" content=\"summary_large_image\" \/>\n<meta name=\"twitter:label1\" content=\"Escrito por\" \/>\n\t<meta name=\"twitter:data1\" content=\"Jesica Ibarra\" \/>\n\t<meta name=\"twitter:label2\" content=\"Tiempo de lectura\" \/>\n\t<meta name=\"twitter:data2\" content=\"2 minutos\" \/>\n<script type=\"application\/ld+json\" class=\"yoast-schema-graph\">{\"@context\":\"https:\/\/schema.org\",\"@graph\":[{\"@type\":\"WebSite\",\"@id\":\"https:\/\/puntodereferencia.com.ar\/#website\",\"url\":\"https:\/\/puntodereferencia.com.ar\/\",\"name\":\"Punto de Referencia\",\"description\":\"con Miguel Pelozo\",\"potentialAction\":[{\"@type\":\"SearchAction\",\"target\":{\"@type\":\"EntryPoint\",\"urlTemplate\":\"https:\/\/puntodereferencia.com.ar\/?s={search_term_string}\"},\"query-input\":\"required name=search_term_string\"}],\"inLanguage\":\"es\"},{\"@type\":\"ImageObject\",\"@id\":\"https:\/\/puntodereferencia.com.ar\/index.php\/2022\/10\/21\/salud-comunica-cronograma-de-las-vacunas-contra-el-sarampion-covid-19-y-gripe\/#primaryimage\",\"inLanguage\":\"es\",\"url\":\"https:\/\/puntodereferencia.com.ar\/wp-content\/uploads\/2022\/10\/fc775e2290a4391055f7b4c007d9e495c413d5df.jpg\",\"contentUrl\":\"https:\/\/puntodereferencia.com.ar\/wp-content\/uploads\/2022\/10\/fc775e2290a4391055f7b4c007d9e495c413d5df.jpg\",\"width\":1280,\"height\":1280},{\"@type\":\"WebPage\",\"@id\":\"https:\/\/puntodereferencia.com.ar\/index.php\/2022\/10\/21\/salud-comunica-cronograma-de-las-vacunas-contra-el-sarampion-covid-19-y-gripe\/#webpage\",\"url\":\"https:\/\/puntodereferencia.com.ar\/index.php\/2022\/10\/21\/salud-comunica-cronograma-de-las-vacunas-contra-el-sarampion-covid-19-y-gripe\/\",\"name\":\"Salud comunica cronograma de las vacunas contra el Sarampi\\u00f3n, Covid-19 y Gripe - Punto de Referencia\",\"isPartOf\":{\"@id\":\"https:\/\/puntodereferencia.com.ar\/#website\"},\"primaryImageOfPage\":{\"@id\":\"https:\/\/puntodereferencia.com.ar\/index.php\/2022\/10\/21\/salud-comunica-cronograma-de-las-vacunas-contra-el-sarampion-covid-19-y-gripe\/#primaryimage\"},\"datePublished\":\"2022-10-21T11:19:00+00:00\",\"dateModified\":\"2022-10-23T11:22:05+00:00\",\"author\":{\"@id\":\"https:\/\/puntodereferencia.com.ar\/#\/schema\/person\/20515f63cb838bea48da9f8f1b31672c\"},\"breadcrumb\":{\"@id\":\"https:\/\/puntodereferencia.com.ar\/index.php\/2022\/10\/21\/salud-comunica-cronograma-de-las-vacunas-contra-el-sarampion-covid-19-y-gripe\/#breadcrumb\"},\"inLanguage\":\"es\",\"potentialAction\":[{\"@type\":\"ReadAction\",\"target\":[\"https:\/\/puntodereferencia.com.ar\/index.php\/2022\/10\/21\/salud-comunica-cronograma-de-las-vacunas-contra-el-sarampion-covid-19-y-gripe\/\"]}]},{\"@type\":\"BreadcrumbList\",\"@id\":\"https:\/\/puntodereferencia.com.ar\/index.php\/2022\/10\/21\/salud-comunica-cronograma-de-las-vacunas-contra-el-sarampion-covid-19-y-gripe\/#breadcrumb\",\"itemListElement\":[{\"@type\":\"ListItem\",\"position\":1,\"name\":\"Inicio\",\"item\":\"https:\/\/puntodereferencia.com.ar\/\"},{\"@type\":\"ListItem\",\"position\":2,\"name\":\"Salud comunica cronograma de las vacunas contra el Sarampi\\u00f3n, Covid-19 y Gripe\"}]},{\"@type\":\"Person\",\"@id\":\"https:\/\/puntodereferencia.com.ar\/#\/schema\/person\/20515f63cb838bea48da9f8f1b31672c\",\"name\":\"Jesica Ibarra\",\"image\":{\"@type\":\"ImageObject\",\"@id\":\"https:\/\/puntodereferencia.com.ar\/#personlogo\",\"inLanguage\":\"es\",\"url\":\"https:\/\/secure.gravatar.com\/avatar\/51981cafa261fc2180a1b6eb2d0d46ed1028dc6610d8e6b2a32935dbb9be7e09?s=96&d=mm&r=g\",\"contentUrl\":\"https:\/\/secure.gravatar.com\/avatar\/51981cafa261fc2180a1b6eb2d0d46ed1028dc6610d8e6b2a32935dbb9be7e09?s=96&d=mm&r=g\",\"caption\":\"Jesica Ibarra\"},\"url\":\"https:\/\/puntodereferencia.com.ar\/index.php\/author\/jesica-ibarra\/\"}]}<\/script>\n<!-- \/ Yoast SEO plugin. -->","yoast_head_json":{"title":"Salud comunica cronograma de las vacunas contra el Sarampi\u00f3n, Covid-19 y Gripe - Punto de Referencia","robots":{"index":"index","follow":"follow","max-snippet":"max-snippet:-1","max-image-preview":"max-image-preview:large","max-video-preview":"max-video-preview:-1"},"canonical":"https:\/\/puntodereferencia.com.ar\/index.php\/2022\/10\/21\/salud-comunica-cronograma-de-las-vacunas-contra-el-sarampion-covid-19-y-gripe\/","og_locale":"es_ES","og_type":"article","og_title":"Salud comunica cronograma de las vacunas contra el Sarampi\u00f3n, Covid-19 y Gripe - Punto de Referencia","og_description":"El Ministerio de Salud P\u00fablica a trav\u00e9s de la Direcci\u00f3n de Inmunizaciones, contin\u00faa con las Campa\u00f1as contra Sarampi\u00f3n, Rube\u00f3la, Paperas","og_url":"https:\/\/puntodereferencia.com.ar\/index.php\/2022\/10\/21\/salud-comunica-cronograma-de-las-vacunas-contra-el-sarampion-covid-19-y-gripe\/","og_site_name":"Punto de Referencia","article_published_time":"2022-10-21T11:19:00+00:00","article_modified_time":"2022-10-23T11:22:05+00:00","og_image":[{"width":1280,"height":1280,"url":"http:\/\/puntodereferencia.com.ar\/wp-content\/uploads\/2022\/10\/fc775e2290a4391055f7b4c007d9e495c413d5df.jpg","path":"\/home\/u322846391\/domains\/puntodereferencia.com.ar\/public_html\/wp-content\/uploads\/2022\/10\/fc775e2290a4391055f7b4c007d9e495c413d5df.jpg","size":"full","id":11206,"alt":"","pixels":1638400,"type":"image\/jpeg"}],"twitter_card":"summary_large_image","twitter_misc":{"Escrito por":"Jesica Ibarra","Tiempo de lectura":"2 minutos"},"schema":{"@context":"https:\/\/schema.org","@graph":[{"@type":"WebSite","@id":"https:\/\/puntodereferencia.com.ar\/#website","url":"https:\/\/puntodereferencia.com.ar\/","name":"Punto de Referencia","description":"con Miguel Pelozo","potentialAction":[{"@type":"SearchAction","target":{"@type":"EntryPoint","urlTemplate":"https:\/\/puntodereferencia.com.ar\/?s={search_term_string}"},"query-input":"required name=search_term_string"}],"inLanguage":"es"},{"@type":"ImageObject","@id":"https:\/\/puntodereferencia.com.ar\/index.php\/2022\/10\/21\/salud-comunica-cronograma-de-las-vacunas-contra-el-sarampion-covid-19-y-gripe\/#primaryimage","inLanguage":"es","url":"https:\/\/puntodereferencia.com.ar\/wp-content\/uploads\/2022\/10\/fc775e2290a4391055f7b4c007d9e495c413d5df.jpg","contentUrl":"https:\/\/puntodereferencia.com.ar\/wp-content\/uploads\/2022\/10\/fc775e2290a4391055f7b4c007d9e495c413d5df.jpg","width":1280,"height":1280},{"@type":"WebPage","@id":"https:\/\/puntodereferencia.com.ar\/index.php\/2022\/10\/21\/salud-comunica-cronograma-de-las-vacunas-contra-el-sarampion-covid-19-y-gripe\/#webpage","url":"https:\/\/puntodereferencia.com.ar\/index.php\/2022\/10\/21\/salud-comunica-cronograma-de-las-vacunas-contra-el-sarampion-covid-19-y-gripe\/","name":"Salud comunica cronograma de las vacunas contra el Sarampi\u00f3n, Covid-19 y Gripe - Punto de Referencia","isPartOf":{"@id":"https:\/\/puntodereferencia.com.ar\/#website"},"primaryImageOfPage":{"@id":"https:\/\/puntodereferencia.com.ar\/index.php\/2022\/10\/21\/salud-comunica-cronograma-de-las-vacunas-contra-el-sarampion-covid-19-y-gripe\/#primaryimage"},"datePublished":"2022-10-21T11:19:00+00:00","dateModified":"2022-10-23T11:22:05+00:00","author":{"@id":"https:\/\/puntodereferencia.com.ar\/#\/schema\/person\/20515f63cb838bea48da9f8f1b31672c"},"breadcrumb":{"@id":"https:\/\/puntodereferencia.com.ar\/index.php\/2022\/10\/21\/salud-comunica-cronograma-de-las-vacunas-contra-el-sarampion-covid-19-y-gripe\/#breadcrumb"},"inLanguage":"es","potentialAction":[{"@type":"ReadAction","target":["https:\/\/puntodereferencia.com.ar\/index.php\/2022\/10\/21\/salud-comunica-cronograma-de-las-vacunas-contra-el-sarampion-covid-19-y-gripe\/"]}]},{"@type":"BreadcrumbList","@id":"https:\/\/puntodereferencia.com.ar\/index.php\/2022\/10\/21\/salud-comunica-cronograma-de-las-vacunas-contra-el-sarampion-covid-19-y-gripe\/#breadcrumb","itemListElement":[{"@type":"ListItem","position":1,"name":"Inicio","item":"https:\/\/puntodereferencia.com.ar\/"},{"@type":"ListItem","position":2,"name":"Salud comunica cronograma de las vacunas contra el Sarampi\u00f3n, Covid-19 y Gripe"}]},{"@type":"Person","@id":"https:\/\/puntodereferencia.com.ar\/#\/schema\/person\/20515f63cb838bea48da9f8f1b31672c","name":"Jesica Ibarra","image":{"@type":"ImageObject","@id":"https:\/\/puntodereferencia.com.ar\/#personlogo","inLanguage":"es","url":"https:\/\/secure.gravatar.com\/avatar\/51981cafa261fc2180a1b6eb2d0d46ed1028dc6610d8e6b2a32935dbb9be7e09?s=96&d=mm&r=g","contentUrl":"https:\/\/secure.gravatar.com\/avatar\/51981cafa261fc2180a1b6eb2d0d46ed1028dc6610d8e6b2a32935dbb9be7e09?s=96&d=mm&r=g","caption":"Jesica Ibarra"},"url":"https:\/\/puntodereferencia.com.ar\/index.php\/author\/jesica-ibarra\/"}]}},"_links":{"self":[{"href":"https:\/\/puntodereferencia.com.ar\/index.php\/wp-json\/wp\/v2\/posts\/11205","targetHints":{"allow":["GET"]}}],"collection":[{"href":"https:\/\/puntodereferencia.com.ar\/index.php\/wp-json\/wp\/v2\/posts"}],"about":[{"href":"https:\/\/puntodereferencia.com.ar\/index.php\/wp-json\/wp\/v2\/types\/post"}],"author":[{"embeddable":true,"href":"https:\/\/puntodereferencia.com.ar\/index.php\/wp-json\/wp\/v2\/users\/3"}],"replies":[{"embeddable":true,"href":"https:\/\/puntodereferencia.com.ar\/index.php\/wp-json\/wp\/v2\/comments?post=11205"}],"version-history":[{"count":1,"href":"https:\/\/puntodereferencia.com.ar\/index.php\/wp-json\/wp\/v2\/posts\/11205\/revisions"}],"predecessor-version":[{"id":11208,"href":"https:\/\/puntodereferencia.com.ar\/index.php\/wp-json\/wp\/v2\/posts\/11205\/revisions\/11208"}],"wp:featuredmedia":[{"embeddable":true,"href":"https:\/\/puntodereferencia.com.ar\/index.php\/wp-json\/wp\/v2\/media\/11206"}],"wp:attachment":[{"href":"https:\/\/puntodereferencia.com.ar\/index.php\/wp-json\/wp\/v2\/media?parent=11205"}],"wp:term":[{"taxonomy":"category","embeddable":true,"href":"https:\/\/puntodereferencia.com.ar\/index.php\/wp-json\/wp\/v2\/categories?post=11205"},{"taxonomy":"post_tag","embeddable":true,"href":"https:\/\/puntodereferencia.com.ar\/index.php\/wp-json\/wp\/v2\/tags?post=11205"}],"curies":[{"name":"wp","href":"https:\/\/api.w.org\/{rel}","templated":true}]}}