{"id":11213,"date":"2022-10-21T08:27:00","date_gmt":"2022-10-21T11:27:00","guid":{"rendered":"http:\/\/puntodereferencia.com.ar\/?p=11213"},"modified":"2022-10-23T08:29:47","modified_gmt":"2022-10-23T11:29:47","slug":"conciertos-ecumenicos-por-la-paz-a-cargo-de-la-orquesta-sinfonica-de-la-provincia","status":"publish","type":"post","link":"https:\/\/puntodereferencia.com.ar\/index.php\/2022\/10\/21\/conciertos-ecumenicos-por-la-paz-a-cargo-de-la-orquesta-sinfonica-de-la-provincia\/","title":{"rendered":"Conciertos Ecum\u00e9nicos por la Paz a cargo de la Orquesta Sinf\u00f3nica de la Provincia"},"content":{"rendered":"\n<p>Perteneciente a la Direcci\u00f3n de Artes Esc\u00e9nicas M\u00fasica y Artes Audiovisuales del Instituto de Cultura, la Orquesta Sinf\u00f3nica provincial, anunci\u00f3 la agenda de sus pr\u00f3ximas presentaciones, reunidas en el Ciclo de Concierto Ecum\u00e9nicos por la Paz. En dicho espacio, el organismo, realizar\u00e1 conciertos sinf\u00f3nicos en dos templos, bajo el prop\u00f3sito de alcanzar la Paz y siembre bajo la direcci\u00f3n de la Mtra. Doctora Andrea Fusco.<\/p>\n\n\n\n<p>Los dos encuentros programados son: el s\u00e1bado 29 de octubre en la Iglesia de Jesucristo de los Santos de los \u00faltimos d\u00edas (Templo Morm\u00f3n) y el s\u00e1bado 12 de noviembre, en la Sociedad Cultural Iraelita Scholem Aleijem, ubicado en San mart\u00edn 1473 de la ciudad de Corrientes.<\/p>\n\n\n\n<p>El programa del 29 de octubre incluye autores como:&nbsp;&nbsp;&nbsp;Joseph Haydn del que se escuchar\u00e1&nbsp;&nbsp;&nbsp;L\u2019Isola disabitata (La isla deshabitada) \u2013 Obertura; de George Bizet la Suite Carmen N\u00b02, la&nbsp;&nbsp;&nbsp;&nbsp;Marcha de los contrabandistas, Habanera&nbsp;y&nbsp;&nbsp;&nbsp;Nocturno con Ricardo Gonzalez Brante como solista. Tambi\u00e9n&nbsp;&nbsp;&nbsp;Canci\u00f3n del toreador,&nbsp;&nbsp;La Garde Montante (Cambio de guardia) y Danza&nbsp;bohemia.&nbsp;<\/p>\n\n\n\n<p>De Manuel de Falla La vida breve &#8211; danza espa\u00f1ola N\u00b0 1; de Ger\u00f3nimo&nbsp;Gim\u00e9nez&nbsp;La boda de Luis Alonso; de Jeff&nbsp;Manookian&nbsp;&nbsp;Caminos argentinos con&nbsp;&nbsp;&nbsp;El Choclo y&nbsp;&nbsp;&nbsp;La cumparsita. Tambi\u00e9n el tema Gente de Ley de Ernesto&nbsp;Montiel en una versi\u00f3n Orquestal: Mart\u00edn Pedrozo.&nbsp;&nbsp;<\/p>\n\n\n\n<p>Para el s\u00e1bado 12 de noviembre 2022 a las 21 hs&nbsp;en la \u201cSociedad Cultural Israelita Scholem Aleijem\u201d se escuchar\u00e1&nbsp;&nbsp;L\u2019Isola disabitata (La isla deshabitada) \u2013 Obertura de&nbsp;&nbsp;&nbsp;Joseph Haydn; de&nbsp;&nbsp;&nbsp;Max Bruch:&nbsp;Suite sobre temas folkl\u00f3ricos rusos op 79 b, Andante sostenuto,&nbsp;&nbsp;Adagio ma non troppo lento &#8211; Vivace, Vivace ma non troppo, el Adagio sostenuto y Allegro energico ma non troppo.&nbsp;<\/p>\n\n\n\n<p>Tras un intervalo, se proseguir\u00e1 con: de Jeff Manookian: Caminos argentinos y la interpretaci\u00f3n de&nbsp;&nbsp;&nbsp;El Choclo y&nbsp;&nbsp;&nbsp;La cumparsita; adem\u00e1s de \u201cGente de ley\u201d de Ernesto&nbsp;Montiel en una versi\u00f3n orquestal de Mart\u00edn Pedrozo y de Don Mario&nbsp;del Tr\u00e1nsito Cocomarola( tambi\u00e9n en una versi\u00f3n orquestal de Mart\u00edn Pedrozo),&nbsp;&nbsp;Puente Pexoa<\/p>\n","protected":false},"excerpt":{"rendered":"<p>Perteneciente a la Direcci\u00f3n de Artes Esc\u00e9nicas M\u00fasica y Artes Audiovisuales del Instituto de Cultura, la Orquesta Sinf\u00f3nica provincial, anunci\u00f3<\/p>\n","protected":false},"author":3,"featured_media":0,"comment_status":"open","ping_status":"open","sticky":false,"template":"","format":"standard","meta":[],"categories":[17,8,3,7,5],"tags":[],"yoast_head":"<!-- This site is optimized with the Yoast SEO plugin v17.2.1 - https:\/\/yoast.com\/wordpress\/plugins\/seo\/ -->\n<title>Conciertos Ecum\u00e9nicos por la Paz a cargo de la Orquesta Sinf\u00f3nica de la Provincia - Punto de Referencia<\/title>\n<meta name=\"robots\" content=\"index, follow, max-snippet:-1, max-image-preview:large, max-video-preview:-1\" \/>\n<link rel=\"canonical\" href=\"https:\/\/puntodereferencia.com.ar\/index.php\/2022\/10\/21\/conciertos-ecumenicos-por-la-paz-a-cargo-de-la-orquesta-sinfonica-de-la-provincia\/\" \/>\n<meta property=\"og:locale\" content=\"es_ES\" \/>\n<meta property=\"og:type\" content=\"article\" \/>\n<meta property=\"og:title\" content=\"Conciertos Ecum\u00e9nicos por la Paz a cargo de la Orquesta Sinf\u00f3nica de la Provincia - Punto de Referencia\" \/>\n<meta property=\"og:description\" content=\"Perteneciente a la Direcci\u00f3n de Artes Esc\u00e9nicas M\u00fasica y Artes Audiovisuales del Instituto de Cultura, la Orquesta Sinf\u00f3nica provincial, anunci\u00f3\" \/>\n<meta property=\"og:url\" content=\"https:\/\/puntodereferencia.com.ar\/index.php\/2022\/10\/21\/conciertos-ecumenicos-por-la-paz-a-cargo-de-la-orquesta-sinfonica-de-la-provincia\/\" \/>\n<meta property=\"og:site_name\" content=\"Punto de Referencia\" \/>\n<meta property=\"article:published_time\" content=\"2022-10-21T11:27:00+00:00\" \/>\n<meta property=\"article:modified_time\" content=\"2022-10-23T11:29:47+00:00\" \/>\n<meta name=\"twitter:card\" content=\"summary_large_image\" \/>\n<meta name=\"twitter:label1\" content=\"Escrito por\" \/>\n\t<meta name=\"twitter:data1\" content=\"Jesica Ibarra\" \/>\n\t<meta name=\"twitter:label2\" content=\"Tiempo de lectura\" \/>\n\t<meta name=\"twitter:data2\" content=\"2 minutos\" \/>\n<script type=\"application\/ld+json\" class=\"yoast-schema-graph\">{\"@context\":\"https:\/\/schema.org\",\"@graph\":[{\"@type\":\"WebSite\",\"@id\":\"https:\/\/puntodereferencia.com.ar\/#website\",\"url\":\"https:\/\/puntodereferencia.com.ar\/\",\"name\":\"Punto de Referencia\",\"description\":\"con Miguel Pelozo\",\"potentialAction\":[{\"@type\":\"SearchAction\",\"target\":{\"@type\":\"EntryPoint\",\"urlTemplate\":\"https:\/\/puntodereferencia.com.ar\/?s={search_term_string}\"},\"query-input\":\"required name=search_term_string\"}],\"inLanguage\":\"es\"},{\"@type\":\"WebPage\",\"@id\":\"https:\/\/puntodereferencia.com.ar\/index.php\/2022\/10\/21\/conciertos-ecumenicos-por-la-paz-a-cargo-de-la-orquesta-sinfonica-de-la-provincia\/#webpage\",\"url\":\"https:\/\/puntodereferencia.com.ar\/index.php\/2022\/10\/21\/conciertos-ecumenicos-por-la-paz-a-cargo-de-la-orquesta-sinfonica-de-la-provincia\/\",\"name\":\"Conciertos Ecum\\u00e9nicos por la Paz a cargo de la Orquesta Sinf\\u00f3nica de la Provincia - Punto de Referencia\",\"isPartOf\":{\"@id\":\"https:\/\/puntodereferencia.com.ar\/#website\"},\"datePublished\":\"2022-10-21T11:27:00+00:00\",\"dateModified\":\"2022-10-23T11:29:47+00:00\",\"author\":{\"@id\":\"https:\/\/puntodereferencia.com.ar\/#\/schema\/person\/20515f63cb838bea48da9f8f1b31672c\"},\"breadcrumb\":{\"@id\":\"https:\/\/puntodereferencia.com.ar\/index.php\/2022\/10\/21\/conciertos-ecumenicos-por-la-paz-a-cargo-de-la-orquesta-sinfonica-de-la-provincia\/#breadcrumb\"},\"inLanguage\":\"es\",\"potentialAction\":[{\"@type\":\"ReadAction\",\"target\":[\"https:\/\/puntodereferencia.com.ar\/index.php\/2022\/10\/21\/conciertos-ecumenicos-por-la-paz-a-cargo-de-la-orquesta-sinfonica-de-la-provincia\/\"]}]},{\"@type\":\"BreadcrumbList\",\"@id\":\"https:\/\/puntodereferencia.com.ar\/index.php\/2022\/10\/21\/conciertos-ecumenicos-por-la-paz-a-cargo-de-la-orquesta-sinfonica-de-la-provincia\/#breadcrumb\",\"itemListElement\":[{\"@type\":\"ListItem\",\"position\":1,\"name\":\"Inicio\",\"item\":\"https:\/\/puntodereferencia.com.ar\/\"},{\"@type\":\"ListItem\",\"position\":2,\"name\":\"Conciertos Ecum\\u00e9nicos por la Paz a cargo de la Orquesta Sinf\\u00f3nica de la Provincia\"}]},{\"@type\":\"Person\",\"@id\":\"https:\/\/puntodereferencia.com.ar\/#\/schema\/person\/20515f63cb838bea48da9f8f1b31672c\",\"name\":\"Jesica Ibarra\",\"image\":{\"@type\":\"ImageObject\",\"@id\":\"https:\/\/puntodereferencia.com.ar\/#personlogo\",\"inLanguage\":\"es\",\"url\":\"https:\/\/secure.gravatar.com\/avatar\/16897d4269998dd535b4ce733bc9e85c?s=96&d=mm&r=g\",\"contentUrl\":\"https:\/\/secure.gravatar.com\/avatar\/16897d4269998dd535b4ce733bc9e85c?s=96&d=mm&r=g\",\"caption\":\"Jesica Ibarra\"},\"url\":\"https:\/\/puntodereferencia.com.ar\/index.php\/author\/jesica-ibarra\/\"}]}<\/script>\n<!-- \/ Yoast SEO plugin. -->","yoast_head_json":{"title":"Conciertos Ecum\u00e9nicos por la Paz a cargo de la Orquesta Sinf\u00f3nica de la Provincia - Punto de Referencia","robots":{"index":"index","follow":"follow","max-snippet":"max-snippet:-1","max-image-preview":"max-image-preview:large","max-video-preview":"max-video-preview:-1"},"canonical":"https:\/\/puntodereferencia.com.ar\/index.php\/2022\/10\/21\/conciertos-ecumenicos-por-la-paz-a-cargo-de-la-orquesta-sinfonica-de-la-provincia\/","og_locale":"es_ES","og_type":"article","og_title":"Conciertos Ecum\u00e9nicos por la Paz a cargo de la Orquesta Sinf\u00f3nica de la Provincia - Punto de Referencia","og_description":"Perteneciente a la Direcci\u00f3n de Artes Esc\u00e9nicas M\u00fasica y Artes Audiovisuales del Instituto de Cultura, la Orquesta Sinf\u00f3nica provincial, anunci\u00f3","og_url":"https:\/\/puntodereferencia.com.ar\/index.php\/2022\/10\/21\/conciertos-ecumenicos-por-la-paz-a-cargo-de-la-orquesta-sinfonica-de-la-provincia\/","og_site_name":"Punto de Referencia","article_published_time":"2022-10-21T11:27:00+00:00","article_modified_time":"2022-10-23T11:29:47+00:00","twitter_card":"summary_large_image","twitter_misc":{"Escrito por":"Jesica Ibarra","Tiempo de lectura":"2 minutos"},"schema":{"@context":"https:\/\/schema.org","@graph":[{"@type":"WebSite","@id":"https:\/\/puntodereferencia.com.ar\/#website","url":"https:\/\/puntodereferencia.com.ar\/","name":"Punto de Referencia","description":"con Miguel Pelozo","potentialAction":[{"@type":"SearchAction","target":{"@type":"EntryPoint","urlTemplate":"https:\/\/puntodereferencia.com.ar\/?s={search_term_string}"},"query-input":"required name=search_term_string"}],"inLanguage":"es"},{"@type":"WebPage","@id":"https:\/\/puntodereferencia.com.ar\/index.php\/2022\/10\/21\/conciertos-ecumenicos-por-la-paz-a-cargo-de-la-orquesta-sinfonica-de-la-provincia\/#webpage","url":"https:\/\/puntodereferencia.com.ar\/index.php\/2022\/10\/21\/conciertos-ecumenicos-por-la-paz-a-cargo-de-la-orquesta-sinfonica-de-la-provincia\/","name":"Conciertos Ecum\u00e9nicos por la Paz a cargo de la Orquesta Sinf\u00f3nica de la Provincia - Punto de Referencia","isPartOf":{"@id":"https:\/\/puntodereferencia.com.ar\/#website"},"datePublished":"2022-10-21T11:27:00+00:00","dateModified":"2022-10-23T11:29:47+00:00","author":{"@id":"https:\/\/puntodereferencia.com.ar\/#\/schema\/person\/20515f63cb838bea48da9f8f1b31672c"},"breadcrumb":{"@id":"https:\/\/puntodereferencia.com.ar\/index.php\/2022\/10\/21\/conciertos-ecumenicos-por-la-paz-a-cargo-de-la-orquesta-sinfonica-de-la-provincia\/#breadcrumb"},"inLanguage":"es","potentialAction":[{"@type":"ReadAction","target":["https:\/\/puntodereferencia.com.ar\/index.php\/2022\/10\/21\/conciertos-ecumenicos-por-la-paz-a-cargo-de-la-orquesta-sinfonica-de-la-provincia\/"]}]},{"@type":"BreadcrumbList","@id":"https:\/\/puntodereferencia.com.ar\/index.php\/2022\/10\/21\/conciertos-ecumenicos-por-la-paz-a-cargo-de-la-orquesta-sinfonica-de-la-provincia\/#breadcrumb","itemListElement":[{"@type":"ListItem","position":1,"name":"Inicio","item":"https:\/\/puntodereferencia.com.ar\/"},{"@type":"ListItem","position":2,"name":"Conciertos Ecum\u00e9nicos por la Paz a cargo de la Orquesta Sinf\u00f3nica de la Provincia"}]},{"@type":"Person","@id":"https:\/\/puntodereferencia.com.ar\/#\/schema\/person\/20515f63cb838bea48da9f8f1b31672c","name":"Jesica Ibarra","image":{"@type":"ImageObject","@id":"https:\/\/puntodereferencia.com.ar\/#personlogo","inLanguage":"es","url":"https:\/\/secure.gravatar.com\/avatar\/16897d4269998dd535b4ce733bc9e85c?s=96&d=mm&r=g","contentUrl":"https:\/\/secure.gravatar.com\/avatar\/16897d4269998dd535b4ce733bc9e85c?s=96&d=mm&r=g","caption":"Jesica Ibarra"},"url":"https:\/\/puntodereferencia.com.ar\/index.php\/author\/jesica-ibarra\/"}]}},"_links":{"self":[{"href":"https:\/\/puntodereferencia.com.ar\/index.php\/wp-json\/wp\/v2\/posts\/11213"}],"collection":[{"href":"https:\/\/puntodereferencia.com.ar\/index.php\/wp-json\/wp\/v2\/posts"}],"about":[{"href":"https:\/\/puntodereferencia.com.ar\/index.php\/wp-json\/wp\/v2\/types\/post"}],"author":[{"embeddable":true,"href":"https:\/\/puntodereferencia.com.ar\/index.php\/wp-json\/wp\/v2\/users\/3"}],"replies":[{"embeddable":true,"href":"https:\/\/puntodereferencia.com.ar\/index.php\/wp-json\/wp\/v2\/comments?post=11213"}],"version-history":[{"count":1,"href":"https:\/\/puntodereferencia.com.ar\/index.php\/wp-json\/wp\/v2\/posts\/11213\/revisions"}],"predecessor-version":[{"id":11214,"href":"https:\/\/puntodereferencia.com.ar\/index.php\/wp-json\/wp\/v2\/posts\/11213\/revisions\/11214"}],"wp:attachment":[{"href":"https:\/\/puntodereferencia.com.ar\/index.php\/wp-json\/wp\/v2\/media?parent=11213"}],"wp:term":[{"taxonomy":"category","embeddable":true,"href":"https:\/\/puntodereferencia.com.ar\/index.php\/wp-json\/wp\/v2\/categories?post=11213"},{"taxonomy":"post_tag","embeddable":true,"href":"https:\/\/puntodereferencia.com.ar\/index.php\/wp-json\/wp\/v2\/tags?post=11213"}],"curies":[{"name":"wp","href":"https:\/\/api.w.org\/{rel}","templated":true}]}}