{"id":11238,"date":"2022-10-20T09:04:00","date_gmt":"2022-10-20T12:04:00","guid":{"rendered":"http:\/\/puntodereferencia.com.ar\/?p=11238"},"modified":"2022-10-23T09:08:01","modified_gmt":"2022-10-23T12:08:01","slug":"dia-mundial-del-ahorro-de-energia-acciones-para-un-consumo-responsable","status":"publish","type":"post","link":"https:\/\/puntodereferencia.com.ar\/index.php\/2022\/10\/20\/dia-mundial-del-ahorro-de-energia-acciones-para-un-consumo-responsable\/","title":{"rendered":"D\u00eda Mundial del Ahorro de Energ\u00eda: acciones para un consumo responsable"},"content":{"rendered":"\n<p><strong>La Direcci\u00f3n Provincial de Energ\u00eda de Corrientes (DPEC) remarca, en la conmemoraci\u00f3n de este d\u00eda, la centralidad del ahorro de energ\u00eda para un uso sustentable y el cuidado del medio ambiente. Desde casa modificando algunos h\u00e1bitos de consumo energ\u00e9tico podemos ayudar a ahorrar energ\u00eda y cuidar nuestro planeta.<\/strong><\/p>\n\n\n\n<p>El 21 de Octubre de cada a\u00f1o con el fin de concientizar a la sociedad, se celebra el d\u00eda mundial del ahorro de energ\u00eda. El objetivo de esta iniciativa a nivel mundial es reducir los gases de efecto contaminantes, fomentar la producci\u00f3n de energ\u00eda sustentable, limpia y contribuir al cuidado y preservaci\u00f3n del medioambiente. Desde nuestros h\u00e1bitos y consumo personal se pueden tomar peque\u00f1as medidas que en su conjunto generen un gran cambio, la&nbsp;<strong>DPEC<\/strong>&nbsp;brinda recomendaciones en este sentido que pueden generar un impacto positivo en nuestro consumo de energ\u00eda:<\/p>\n\n\n\n<p>\u00b7&nbsp;&nbsp;&nbsp;&nbsp;&nbsp;&nbsp;&nbsp;&nbsp;&nbsp;Poner el lavarropas solamente cuando est\u00e9 lleno. Un ejemplo muy com\u00fan del uso irracional de la energ\u00eda es poner el lavarropas a media carga.<\/p>\n\n\n\n<p>\u00b7&nbsp;&nbsp;&nbsp;&nbsp;&nbsp;&nbsp;&nbsp;&nbsp;&nbsp;Usar ciclos cortos de lavado. Al usar un ciclo corto, lav\u00e1s tu ropa en menos tiempo. Adem\u00e1s cuanto menor es la temperatura del agua, m\u00e1s energ\u00eda ahorr\u00e1s.<\/p>\n\n\n\n<p>\u00b7&nbsp;&nbsp;&nbsp;&nbsp;&nbsp;&nbsp;&nbsp;&nbsp;&nbsp;Aislar bien las puertas y ventanas. Hay estad\u00edsticas que demuestran que durante el a\u00f1o se pierde entre el 15 y el 25% de la energ\u00eda de la casa como consecuencia de las puertas y ventanas mal cerradas.<\/p>\n\n\n\n<p>\u00b7&nbsp;&nbsp;&nbsp;&nbsp;&nbsp;&nbsp;&nbsp;&nbsp;&nbsp;No poner los aparatos el\u00e9ctricos en modo suspensi\u00f3n. Si dej\u00e1s el televisor, la computadora, el equipo de m\u00fasica y dem\u00e1s electrodom\u00e9sticos en modo de suspensi\u00f3n, igualmente van a seguir consumiendo energ\u00eda.<\/p>\n\n\n\n<p>\u00b7&nbsp;&nbsp;&nbsp;&nbsp;&nbsp;&nbsp;&nbsp;&nbsp;&nbsp;Apagar las luces cuando no est\u00e9s en casa.<\/p>\n\n\n\n<p>\u00b7&nbsp;&nbsp;&nbsp;&nbsp;&nbsp;&nbsp;&nbsp;&nbsp;&nbsp;Comprar electrodom\u00e9sticos que sean eficientes energ\u00e9ticamente: Consult\u00e1 la eficiencia energ\u00e9tica de tus electrodom\u00e9sticos, la cual figura en las etiquetas de los equipos. Cuanto m\u00e1s cerca est\u00e9 de la letra \u201cA\u201d y el color verde, mejor es el uso de la energ\u00eda de ese electrodom\u00e9stico.<\/p>\n\n\n\n<p>\u00b7&nbsp;&nbsp;&nbsp;&nbsp;&nbsp;&nbsp;&nbsp;&nbsp;&nbsp;Usar l\u00e1mparas LED: tienen una vida \u00fatil m\u00e1s larga y gastan menos energ\u00eda que otros focos.<\/p>\n\n\n\n<p>\u00b7&nbsp;&nbsp;&nbsp;&nbsp;&nbsp;&nbsp;&nbsp;&nbsp;&nbsp;Poner el aire acondicionado en 24 grados, adem\u00e1s tambi\u00e9n se debe realizar verificaciones del consumo del equipo, cu\u00e1nto consume un aire acondicionado para no gastar de m\u00e1s.<\/p>\n\n\n\n<p>Finalmente cabe destacar que adem\u00e1s del beneficio evidente de ahorrar dinero al gastar menos, ahorrar energ\u00eda ayuda a cuidar enormemente al planeta. Consumir menos energ\u00eda implica consumir menos combustibles responsables de generar electricidad, evitando a su vez que se emitan gases contaminantes hacia la atm\u00f3sfera.<\/p>\n\n\n\n<p>Ser responsable al momento de utilizar los electrodom\u00e9sticos te puede ayudar a ahorrar en tu factura y proteger al medio ambiente. El futuro de nuestro planeta es responsabilidad de todos.<\/p>\n\n\n\n<p>Para obtener m\u00e1s informaci\u00f3n sobre uso responsable de la energ\u00eda pod\u00e9s ingresar al portal oficial de la&nbsp;<strong>DPEC<\/strong>:&nbsp;<a href=\"https:\/\/4ue34.r.ag.d.sendibm3.com\/mk\/cl\/f\/Ey8Cec6TxYc-25CPF-cKiZR6QBT4HE90lfq9RHzvLEhanEjkmf6n0C7uVgElV1PaAVBLbrjQQGcZfntelw3F1a5K2qlCa1madUjcSbaM_k7ugGi9KRfatYMFaqYMUukaeQESguc5eLnazLULt-3S9zdmOriSPPUAQDTubUYAuBwILC-QRKUYEAvKuOM80UgJ6RPsbeT2A3ToeiPNoYrRGkURCW2AjOamghWHxkQekWrgL2I85keFoHK9IEYJGJ1CgWltYQoSQoQolT0E22eoq5ff57ZZiqYwNWaec9rCHg1mI9_aMwcQkET75t25IWeaRTS6RLVjsRebivcAPjwx8_4J9ah8jWsTT7UyrMerwq5cPJhhOT_EsPcZLphaZ-PgX3iBV0ZBeR22CQ_9Fmox-8O7sTM\" target=\"_blank\" rel=\"noreferrer noopener\"><strong>Consumo Responsable<\/strong><\/a>&nbsp;y&nbsp;<a href=\"https:\/\/4ue34.r.ag.d.sendibm3.com\/mk\/cl\/f\/BCFx0JmvK7uJZeFTES7Y24Z5sXKKi9rmX7jZ0EoAOmmhTgDw4gvsWMnk1sD8ZiCdeA0NBR4I_WX11uSaANeOTUbWPDf0bhAhdnkERhQNCEzzuHjbZRQ0JQZTY8tEOJK-riNHwGtXIBJ4NS5BZ5O3h4ZxuQfR374lNoD7bYilgWpL10WqkSnE32qlsmIF4IXKICH1BF7Z8bWak0OUwCWJSfwMU3Mn7VmdieCPDu9jgc_t4HkFbQvFyQwIAFJxED3IQzrUSHwjLA-nRDIJlUCasNPedGSLeSh-AE8ArMVXH8yqO8dsQ1f__x7PbJBPID1irCdYjtLys9n0ACXOL1MMTR5iA0ZbMoQhj0W4XQA_P2t_qBGPpLHVAkgeBNALbpRkQFl8PbzdUIhk8R1GBY7sCE9TnfMnbAjlYg7UuGNfz53Y\" target=\"_blank\" rel=\"noreferrer noopener\"><strong>Tabla de Consumos<\/strong><\/a><\/p>\n","protected":false},"excerpt":{"rendered":"<p>La Direcci\u00f3n Provincial de Energ\u00eda de Corrientes (DPEC) remarca, en la conmemoraci\u00f3n de este d\u00eda, la centralidad del ahorro de<\/p>\n","protected":false},"author":3,"featured_media":11239,"comment_status":"open","ping_status":"open","sticky":false,"template":"","format":"standard","meta":{"colormag_page_container_layout":"default_layout","colormag_page_sidebar_layout":"default_layout","footnotes":""},"categories":[7,5],"tags":[],"class_list":["post-11238","post","type-post","status-publish","format-standard","has-post-thumbnail","hentry","category-provincia","category-sociedad"],"yoast_head":"<!-- This site is optimized with the Yoast SEO plugin v17.2.1 - https:\/\/yoast.com\/wordpress\/plugins\/seo\/ -->\n<title>D\u00eda Mundial del Ahorro de Energ\u00eda: acciones para un consumo responsable - Punto de Referencia<\/title>\n<meta name=\"robots\" content=\"index, follow, max-snippet:-1, max-image-preview:large, max-video-preview:-1\" \/>\n<link rel=\"canonical\" href=\"https:\/\/puntodereferencia.com.ar\/index.php\/2022\/10\/20\/dia-mundial-del-ahorro-de-energia-acciones-para-un-consumo-responsable\/\" \/>\n<meta property=\"og:locale\" content=\"es_ES\" \/>\n<meta property=\"og:type\" content=\"article\" \/>\n<meta property=\"og:title\" content=\"D\u00eda Mundial del Ahorro de Energ\u00eda: acciones para un consumo responsable - Punto de Referencia\" \/>\n<meta property=\"og:description\" content=\"La Direcci\u00f3n Provincial de Energ\u00eda de Corrientes (DPEC) remarca, en la conmemoraci\u00f3n de este d\u00eda, la centralidad del ahorro de\" \/>\n<meta property=\"og:url\" content=\"https:\/\/puntodereferencia.com.ar\/index.php\/2022\/10\/20\/dia-mundial-del-ahorro-de-energia-acciones-para-un-consumo-responsable\/\" \/>\n<meta property=\"og:site_name\" content=\"Punto de Referencia\" \/>\n<meta property=\"article:published_time\" content=\"2022-10-20T12:04:00+00:00\" \/>\n<meta property=\"article:modified_time\" content=\"2022-10-23T12:08:01+00:00\" \/>\n<meta property=\"og:image\" content=\"http:\/\/puntodereferencia.com.ar\/wp-content\/uploads\/2022\/10\/cd04665eb5c148c884fa1b4caabdfda3c03b72db.jpg\" \/>\n\t<meta property=\"og:image:width\" content=\"1000\" \/>\n\t<meta property=\"og:image:height\" content=\"486\" \/>\n<meta name=\"twitter:card\" content=\"summary_large_image\" \/>\n<meta name=\"twitter:label1\" content=\"Escrito por\" \/>\n\t<meta name=\"twitter:data1\" content=\"Jesica Ibarra\" \/>\n\t<meta name=\"twitter:label2\" content=\"Tiempo de lectura\" \/>\n\t<meta name=\"twitter:data2\" content=\"2 minutos\" \/>\n<script type=\"application\/ld+json\" class=\"yoast-schema-graph\">{\"@context\":\"https:\/\/schema.org\",\"@graph\":[{\"@type\":\"WebSite\",\"@id\":\"https:\/\/puntodereferencia.com.ar\/#website\",\"url\":\"https:\/\/puntodereferencia.com.ar\/\",\"name\":\"Punto de Referencia\",\"description\":\"con Miguel Pelozo\",\"potentialAction\":[{\"@type\":\"SearchAction\",\"target\":{\"@type\":\"EntryPoint\",\"urlTemplate\":\"https:\/\/puntodereferencia.com.ar\/?s={search_term_string}\"},\"query-input\":\"required name=search_term_string\"}],\"inLanguage\":\"es\"},{\"@type\":\"ImageObject\",\"@id\":\"https:\/\/puntodereferencia.com.ar\/index.php\/2022\/10\/20\/dia-mundial-del-ahorro-de-energia-acciones-para-un-consumo-responsable\/#primaryimage\",\"inLanguage\":\"es\",\"url\":\"https:\/\/puntodereferencia.com.ar\/wp-content\/uploads\/2022\/10\/cd04665eb5c148c884fa1b4caabdfda3c03b72db.jpg\",\"contentUrl\":\"https:\/\/puntodereferencia.com.ar\/wp-content\/uploads\/2022\/10\/cd04665eb5c148c884fa1b4caabdfda3c03b72db.jpg\",\"width\":1000,\"height\":486},{\"@type\":\"WebPage\",\"@id\":\"https:\/\/puntodereferencia.com.ar\/index.php\/2022\/10\/20\/dia-mundial-del-ahorro-de-energia-acciones-para-un-consumo-responsable\/#webpage\",\"url\":\"https:\/\/puntodereferencia.com.ar\/index.php\/2022\/10\/20\/dia-mundial-del-ahorro-de-energia-acciones-para-un-consumo-responsable\/\",\"name\":\"D\\u00eda Mundial del Ahorro de Energ\\u00eda: acciones para un consumo responsable - Punto de Referencia\",\"isPartOf\":{\"@id\":\"https:\/\/puntodereferencia.com.ar\/#website\"},\"primaryImageOfPage\":{\"@id\":\"https:\/\/puntodereferencia.com.ar\/index.php\/2022\/10\/20\/dia-mundial-del-ahorro-de-energia-acciones-para-un-consumo-responsable\/#primaryimage\"},\"datePublished\":\"2022-10-20T12:04:00+00:00\",\"dateModified\":\"2022-10-23T12:08:01+00:00\",\"author\":{\"@id\":\"https:\/\/puntodereferencia.com.ar\/#\/schema\/person\/20515f63cb838bea48da9f8f1b31672c\"},\"breadcrumb\":{\"@id\":\"https:\/\/puntodereferencia.com.ar\/index.php\/2022\/10\/20\/dia-mundial-del-ahorro-de-energia-acciones-para-un-consumo-responsable\/#breadcrumb\"},\"inLanguage\":\"es\",\"potentialAction\":[{\"@type\":\"ReadAction\",\"target\":[\"https:\/\/puntodereferencia.com.ar\/index.php\/2022\/10\/20\/dia-mundial-del-ahorro-de-energia-acciones-para-un-consumo-responsable\/\"]}]},{\"@type\":\"BreadcrumbList\",\"@id\":\"https:\/\/puntodereferencia.com.ar\/index.php\/2022\/10\/20\/dia-mundial-del-ahorro-de-energia-acciones-para-un-consumo-responsable\/#breadcrumb\",\"itemListElement\":[{\"@type\":\"ListItem\",\"position\":1,\"name\":\"Inicio\",\"item\":\"https:\/\/puntodereferencia.com.ar\/\"},{\"@type\":\"ListItem\",\"position\":2,\"name\":\"D\\u00eda Mundial del Ahorro de Energ\\u00eda: acciones para un consumo responsable\"}]},{\"@type\":\"Person\",\"@id\":\"https:\/\/puntodereferencia.com.ar\/#\/schema\/person\/20515f63cb838bea48da9f8f1b31672c\",\"name\":\"Jesica Ibarra\",\"image\":{\"@type\":\"ImageObject\",\"@id\":\"https:\/\/puntodereferencia.com.ar\/#personlogo\",\"inLanguage\":\"es\",\"url\":\"https:\/\/secure.gravatar.com\/avatar\/51981cafa261fc2180a1b6eb2d0d46ed1028dc6610d8e6b2a32935dbb9be7e09?s=96&d=mm&r=g\",\"contentUrl\":\"https:\/\/secure.gravatar.com\/avatar\/51981cafa261fc2180a1b6eb2d0d46ed1028dc6610d8e6b2a32935dbb9be7e09?s=96&d=mm&r=g\",\"caption\":\"Jesica Ibarra\"},\"url\":\"https:\/\/puntodereferencia.com.ar\/index.php\/author\/jesica-ibarra\/\"}]}<\/script>\n<!-- \/ Yoast SEO plugin. -->","yoast_head_json":{"title":"D\u00eda Mundial del Ahorro de Energ\u00eda: acciones para un consumo responsable - Punto de Referencia","robots":{"index":"index","follow":"follow","max-snippet":"max-snippet:-1","max-image-preview":"max-image-preview:large","max-video-preview":"max-video-preview:-1"},"canonical":"https:\/\/puntodereferencia.com.ar\/index.php\/2022\/10\/20\/dia-mundial-del-ahorro-de-energia-acciones-para-un-consumo-responsable\/","og_locale":"es_ES","og_type":"article","og_title":"D\u00eda Mundial del Ahorro de Energ\u00eda: acciones para un consumo responsable - Punto de Referencia","og_description":"La Direcci\u00f3n Provincial de Energ\u00eda de Corrientes (DPEC) remarca, en la conmemoraci\u00f3n de este d\u00eda, la centralidad del ahorro de","og_url":"https:\/\/puntodereferencia.com.ar\/index.php\/2022\/10\/20\/dia-mundial-del-ahorro-de-energia-acciones-para-un-consumo-responsable\/","og_site_name":"Punto de Referencia","article_published_time":"2022-10-20T12:04:00+00:00","article_modified_time":"2022-10-23T12:08:01+00:00","og_image":[{"width":1000,"height":486,"url":"http:\/\/puntodereferencia.com.ar\/wp-content\/uploads\/2022\/10\/cd04665eb5c148c884fa1b4caabdfda3c03b72db.jpg","path":"\/home\/u322846391\/domains\/puntodereferencia.com.ar\/public_html\/wp-content\/uploads\/2022\/10\/cd04665eb5c148c884fa1b4caabdfda3c03b72db.jpg","size":"full","id":11239,"alt":"","pixels":486000,"type":"image\/jpeg"}],"twitter_card":"summary_large_image","twitter_misc":{"Escrito por":"Jesica Ibarra","Tiempo de lectura":"2 minutos"},"schema":{"@context":"https:\/\/schema.org","@graph":[{"@type":"WebSite","@id":"https:\/\/puntodereferencia.com.ar\/#website","url":"https:\/\/puntodereferencia.com.ar\/","name":"Punto de Referencia","description":"con Miguel Pelozo","potentialAction":[{"@type":"SearchAction","target":{"@type":"EntryPoint","urlTemplate":"https:\/\/puntodereferencia.com.ar\/?s={search_term_string}"},"query-input":"required name=search_term_string"}],"inLanguage":"es"},{"@type":"ImageObject","@id":"https:\/\/puntodereferencia.com.ar\/index.php\/2022\/10\/20\/dia-mundial-del-ahorro-de-energia-acciones-para-un-consumo-responsable\/#primaryimage","inLanguage":"es","url":"https:\/\/puntodereferencia.com.ar\/wp-content\/uploads\/2022\/10\/cd04665eb5c148c884fa1b4caabdfda3c03b72db.jpg","contentUrl":"https:\/\/puntodereferencia.com.ar\/wp-content\/uploads\/2022\/10\/cd04665eb5c148c884fa1b4caabdfda3c03b72db.jpg","width":1000,"height":486},{"@type":"WebPage","@id":"https:\/\/puntodereferencia.com.ar\/index.php\/2022\/10\/20\/dia-mundial-del-ahorro-de-energia-acciones-para-un-consumo-responsable\/#webpage","url":"https:\/\/puntodereferencia.com.ar\/index.php\/2022\/10\/20\/dia-mundial-del-ahorro-de-energia-acciones-para-un-consumo-responsable\/","name":"D\u00eda Mundial del Ahorro de Energ\u00eda: acciones para un consumo responsable - Punto de Referencia","isPartOf":{"@id":"https:\/\/puntodereferencia.com.ar\/#website"},"primaryImageOfPage":{"@id":"https:\/\/puntodereferencia.com.ar\/index.php\/2022\/10\/20\/dia-mundial-del-ahorro-de-energia-acciones-para-un-consumo-responsable\/#primaryimage"},"datePublished":"2022-10-20T12:04:00+00:00","dateModified":"2022-10-23T12:08:01+00:00","author":{"@id":"https:\/\/puntodereferencia.com.ar\/#\/schema\/person\/20515f63cb838bea48da9f8f1b31672c"},"breadcrumb":{"@id":"https:\/\/puntodereferencia.com.ar\/index.php\/2022\/10\/20\/dia-mundial-del-ahorro-de-energia-acciones-para-un-consumo-responsable\/#breadcrumb"},"inLanguage":"es","potentialAction":[{"@type":"ReadAction","target":["https:\/\/puntodereferencia.com.ar\/index.php\/2022\/10\/20\/dia-mundial-del-ahorro-de-energia-acciones-para-un-consumo-responsable\/"]}]},{"@type":"BreadcrumbList","@id":"https:\/\/puntodereferencia.com.ar\/index.php\/2022\/10\/20\/dia-mundial-del-ahorro-de-energia-acciones-para-un-consumo-responsable\/#breadcrumb","itemListElement":[{"@type":"ListItem","position":1,"name":"Inicio","item":"https:\/\/puntodereferencia.com.ar\/"},{"@type":"ListItem","position":2,"name":"D\u00eda Mundial del Ahorro de Energ\u00eda: acciones para un consumo responsable"}]},{"@type":"Person","@id":"https:\/\/puntodereferencia.com.ar\/#\/schema\/person\/20515f63cb838bea48da9f8f1b31672c","name":"Jesica Ibarra","image":{"@type":"ImageObject","@id":"https:\/\/puntodereferencia.com.ar\/#personlogo","inLanguage":"es","url":"https:\/\/secure.gravatar.com\/avatar\/51981cafa261fc2180a1b6eb2d0d46ed1028dc6610d8e6b2a32935dbb9be7e09?s=96&d=mm&r=g","contentUrl":"https:\/\/secure.gravatar.com\/avatar\/51981cafa261fc2180a1b6eb2d0d46ed1028dc6610d8e6b2a32935dbb9be7e09?s=96&d=mm&r=g","caption":"Jesica Ibarra"},"url":"https:\/\/puntodereferencia.com.ar\/index.php\/author\/jesica-ibarra\/"}]}},"_links":{"self":[{"href":"https:\/\/puntodereferencia.com.ar\/index.php\/wp-json\/wp\/v2\/posts\/11238","targetHints":{"allow":["GET"]}}],"collection":[{"href":"https:\/\/puntodereferencia.com.ar\/index.php\/wp-json\/wp\/v2\/posts"}],"about":[{"href":"https:\/\/puntodereferencia.com.ar\/index.php\/wp-json\/wp\/v2\/types\/post"}],"author":[{"embeddable":true,"href":"https:\/\/puntodereferencia.com.ar\/index.php\/wp-json\/wp\/v2\/users\/3"}],"replies":[{"embeddable":true,"href":"https:\/\/puntodereferencia.com.ar\/index.php\/wp-json\/wp\/v2\/comments?post=11238"}],"version-history":[{"count":1,"href":"https:\/\/puntodereferencia.com.ar\/index.php\/wp-json\/wp\/v2\/posts\/11238\/revisions"}],"predecessor-version":[{"id":11240,"href":"https:\/\/puntodereferencia.com.ar\/index.php\/wp-json\/wp\/v2\/posts\/11238\/revisions\/11240"}],"wp:featuredmedia":[{"embeddable":true,"href":"https:\/\/puntodereferencia.com.ar\/index.php\/wp-json\/wp\/v2\/media\/11239"}],"wp:attachment":[{"href":"https:\/\/puntodereferencia.com.ar\/index.php\/wp-json\/wp\/v2\/media?parent=11238"}],"wp:term":[{"taxonomy":"category","embeddable":true,"href":"https:\/\/puntodereferencia.com.ar\/index.php\/wp-json\/wp\/v2\/categories?post=11238"},{"taxonomy":"post_tag","embeddable":true,"href":"https:\/\/puntodereferencia.com.ar\/index.php\/wp-json\/wp\/v2\/tags?post=11238"}],"curies":[{"name":"wp","href":"https:\/\/api.w.org\/{rel}","templated":true}]}}