{"id":11287,"date":"2022-10-19T09:52:00","date_gmt":"2022-10-19T12:52:00","guid":{"rendered":"http:\/\/puntodereferencia.com.ar\/?p=11287"},"modified":"2022-10-23T09:54:21","modified_gmt":"2022-10-23T12:54:21","slug":"la-dpec-realizara-trabajos-de-emergencia-en-riachuelo","status":"publish","type":"post","link":"https:\/\/puntodereferencia.com.ar\/index.php\/2022\/10\/19\/la-dpec-realizara-trabajos-de-emergencia-en-riachuelo\/","title":{"rendered":"La DPEC realizar\u00e1 trabajos de emergencia en Riachuelo"},"content":{"rendered":"\n<p>La Direcci\u00f3n Provincial de Energ\u00eda de Corrientes (DPEC) informa que se realizar\u00e1n trabajos de emergencia en equipos de Media Tensi\u00f3n, por lo cual se interrumpir\u00e1 el suministro de energ\u00eda el\u00e9ctrica en la localidad de&nbsp;Riachuelo y zona Rural, este mi\u00e9rcoles 19 de 15 a 17.<\/p>\n","protected":false},"excerpt":{"rendered":"<p>La Direcci\u00f3n Provincial de Energ\u00eda de Corrientes (DPEC) informa que se realizar\u00e1n trabajos de emergencia en equipos de Media Tensi\u00f3n,<\/p>\n","protected":false},"author":3,"featured_media":11288,"comment_status":"open","ping_status":"open","sticky":false,"template":"","format":"standard","meta":{"colormag_page_container_layout":"default_layout","colormag_page_sidebar_layout":"default_layout","footnotes":""},"categories":[7,5],"tags":[],"class_list":["post-11287","post","type-post","status-publish","format-standard","has-post-thumbnail","hentry","category-provincia","category-sociedad"],"yoast_head":"<!-- This site is optimized with the Yoast SEO plugin v17.2.1 - https:\/\/yoast.com\/wordpress\/plugins\/seo\/ -->\n<title>La DPEC realizar\u00e1 trabajos de emergencia en Riachuelo - Punto de Referencia<\/title>\n<meta name=\"robots\" content=\"index, follow, max-snippet:-1, max-image-preview:large, max-video-preview:-1\" \/>\n<link rel=\"canonical\" href=\"https:\/\/puntodereferencia.com.ar\/index.php\/2022\/10\/19\/la-dpec-realizara-trabajos-de-emergencia-en-riachuelo\/\" \/>\n<meta property=\"og:locale\" content=\"es_ES\" \/>\n<meta property=\"og:type\" content=\"article\" \/>\n<meta property=\"og:title\" content=\"La DPEC realizar\u00e1 trabajos de emergencia en Riachuelo - Punto de Referencia\" \/>\n<meta property=\"og:description\" content=\"La Direcci\u00f3n Provincial de Energ\u00eda de Corrientes (DPEC) informa que se realizar\u00e1n trabajos de emergencia en equipos de Media Tensi\u00f3n,\" \/>\n<meta property=\"og:url\" content=\"https:\/\/puntodereferencia.com.ar\/index.php\/2022\/10\/19\/la-dpec-realizara-trabajos-de-emergencia-en-riachuelo\/\" \/>\n<meta property=\"og:site_name\" content=\"Punto de Referencia\" \/>\n<meta property=\"article:published_time\" content=\"2022-10-19T12:52:00+00:00\" \/>\n<meta property=\"article:modified_time\" content=\"2022-10-23T12:54:21+00:00\" \/>\n<meta property=\"og:image\" content=\"http:\/\/puntodereferencia.com.ar\/wp-content\/uploads\/2022\/10\/57124c9179a9568cf5ddafe18603e5ed560d63ed.jpg\" \/>\n\t<meta property=\"og:image:width\" content=\"1280\" \/>\n\t<meta property=\"og:image:height\" content=\"1043\" \/>\n<meta name=\"twitter:card\" content=\"summary_large_image\" \/>\n<meta name=\"twitter:label1\" content=\"Escrito por\" \/>\n\t<meta name=\"twitter:data1\" content=\"Jesica Ibarra\" \/>\n\t<meta name=\"twitter:label2\" content=\"Tiempo de lectura\" \/>\n\t<meta name=\"twitter:data2\" content=\"1 minuto\" \/>\n<script type=\"application\/ld+json\" class=\"yoast-schema-graph\">{\"@context\":\"https:\/\/schema.org\",\"@graph\":[{\"@type\":\"WebSite\",\"@id\":\"https:\/\/puntodereferencia.com.ar\/#website\",\"url\":\"https:\/\/puntodereferencia.com.ar\/\",\"name\":\"Punto de Referencia\",\"description\":\"con Miguel Pelozo\",\"potentialAction\":[{\"@type\":\"SearchAction\",\"target\":{\"@type\":\"EntryPoint\",\"urlTemplate\":\"https:\/\/puntodereferencia.com.ar\/?s={search_term_string}\"},\"query-input\":\"required name=search_term_string\"}],\"inLanguage\":\"es\"},{\"@type\":\"ImageObject\",\"@id\":\"https:\/\/puntodereferencia.com.ar\/index.php\/2022\/10\/19\/la-dpec-realizara-trabajos-de-emergencia-en-riachuelo\/#primaryimage\",\"inLanguage\":\"es\",\"url\":\"https:\/\/puntodereferencia.com.ar\/wp-content\/uploads\/2022\/10\/57124c9179a9568cf5ddafe18603e5ed560d63ed.jpg\",\"contentUrl\":\"https:\/\/puntodereferencia.com.ar\/wp-content\/uploads\/2022\/10\/57124c9179a9568cf5ddafe18603e5ed560d63ed.jpg\",\"width\":1280,\"height\":1043},{\"@type\":\"WebPage\",\"@id\":\"https:\/\/puntodereferencia.com.ar\/index.php\/2022\/10\/19\/la-dpec-realizara-trabajos-de-emergencia-en-riachuelo\/#webpage\",\"url\":\"https:\/\/puntodereferencia.com.ar\/index.php\/2022\/10\/19\/la-dpec-realizara-trabajos-de-emergencia-en-riachuelo\/\",\"name\":\"La DPEC realizar\\u00e1 trabajos de emergencia en Riachuelo - Punto de Referencia\",\"isPartOf\":{\"@id\":\"https:\/\/puntodereferencia.com.ar\/#website\"},\"primaryImageOfPage\":{\"@id\":\"https:\/\/puntodereferencia.com.ar\/index.php\/2022\/10\/19\/la-dpec-realizara-trabajos-de-emergencia-en-riachuelo\/#primaryimage\"},\"datePublished\":\"2022-10-19T12:52:00+00:00\",\"dateModified\":\"2022-10-23T12:54:21+00:00\",\"author\":{\"@id\":\"https:\/\/puntodereferencia.com.ar\/#\/schema\/person\/20515f63cb838bea48da9f8f1b31672c\"},\"breadcrumb\":{\"@id\":\"https:\/\/puntodereferencia.com.ar\/index.php\/2022\/10\/19\/la-dpec-realizara-trabajos-de-emergencia-en-riachuelo\/#breadcrumb\"},\"inLanguage\":\"es\",\"potentialAction\":[{\"@type\":\"ReadAction\",\"target\":[\"https:\/\/puntodereferencia.com.ar\/index.php\/2022\/10\/19\/la-dpec-realizara-trabajos-de-emergencia-en-riachuelo\/\"]}]},{\"@type\":\"BreadcrumbList\",\"@id\":\"https:\/\/puntodereferencia.com.ar\/index.php\/2022\/10\/19\/la-dpec-realizara-trabajos-de-emergencia-en-riachuelo\/#breadcrumb\",\"itemListElement\":[{\"@type\":\"ListItem\",\"position\":1,\"name\":\"Inicio\",\"item\":\"https:\/\/puntodereferencia.com.ar\/\"},{\"@type\":\"ListItem\",\"position\":2,\"name\":\"La DPEC realizar\\u00e1 trabajos de emergencia en Riachuelo\"}]},{\"@type\":\"Person\",\"@id\":\"https:\/\/puntodereferencia.com.ar\/#\/schema\/person\/20515f63cb838bea48da9f8f1b31672c\",\"name\":\"Jesica Ibarra\",\"image\":{\"@type\":\"ImageObject\",\"@id\":\"https:\/\/puntodereferencia.com.ar\/#personlogo\",\"inLanguage\":\"es\",\"url\":\"https:\/\/secure.gravatar.com\/avatar\/51981cafa261fc2180a1b6eb2d0d46ed1028dc6610d8e6b2a32935dbb9be7e09?s=96&d=mm&r=g\",\"contentUrl\":\"https:\/\/secure.gravatar.com\/avatar\/51981cafa261fc2180a1b6eb2d0d46ed1028dc6610d8e6b2a32935dbb9be7e09?s=96&d=mm&r=g\",\"caption\":\"Jesica Ibarra\"},\"url\":\"https:\/\/puntodereferencia.com.ar\/index.php\/author\/jesica-ibarra\/\"}]}<\/script>\n<!-- \/ Yoast SEO plugin. -->","yoast_head_json":{"title":"La DPEC realizar\u00e1 trabajos de emergencia en Riachuelo - Punto de Referencia","robots":{"index":"index","follow":"follow","max-snippet":"max-snippet:-1","max-image-preview":"max-image-preview:large","max-video-preview":"max-video-preview:-1"},"canonical":"https:\/\/puntodereferencia.com.ar\/index.php\/2022\/10\/19\/la-dpec-realizara-trabajos-de-emergencia-en-riachuelo\/","og_locale":"es_ES","og_type":"article","og_title":"La DPEC realizar\u00e1 trabajos de emergencia en Riachuelo - Punto de Referencia","og_description":"La Direcci\u00f3n Provincial de Energ\u00eda de Corrientes (DPEC) informa que se realizar\u00e1n trabajos de emergencia en equipos de Media Tensi\u00f3n,","og_url":"https:\/\/puntodereferencia.com.ar\/index.php\/2022\/10\/19\/la-dpec-realizara-trabajos-de-emergencia-en-riachuelo\/","og_site_name":"Punto de Referencia","article_published_time":"2022-10-19T12:52:00+00:00","article_modified_time":"2022-10-23T12:54:21+00:00","og_image":[{"width":1280,"height":1043,"url":"http:\/\/puntodereferencia.com.ar\/wp-content\/uploads\/2022\/10\/57124c9179a9568cf5ddafe18603e5ed560d63ed.jpg","path":"\/home\/u322846391\/domains\/puntodereferencia.com.ar\/public_html\/wp-content\/uploads\/2022\/10\/57124c9179a9568cf5ddafe18603e5ed560d63ed.jpg","size":"full","id":11288,"alt":"","pixels":1335040,"type":"image\/jpeg"}],"twitter_card":"summary_large_image","twitter_misc":{"Escrito por":"Jesica Ibarra","Tiempo de lectura":"1 minuto"},"schema":{"@context":"https:\/\/schema.org","@graph":[{"@type":"WebSite","@id":"https:\/\/puntodereferencia.com.ar\/#website","url":"https:\/\/puntodereferencia.com.ar\/","name":"Punto de Referencia","description":"con Miguel Pelozo","potentialAction":[{"@type":"SearchAction","target":{"@type":"EntryPoint","urlTemplate":"https:\/\/puntodereferencia.com.ar\/?s={search_term_string}"},"query-input":"required name=search_term_string"}],"inLanguage":"es"},{"@type":"ImageObject","@id":"https:\/\/puntodereferencia.com.ar\/index.php\/2022\/10\/19\/la-dpec-realizara-trabajos-de-emergencia-en-riachuelo\/#primaryimage","inLanguage":"es","url":"https:\/\/puntodereferencia.com.ar\/wp-content\/uploads\/2022\/10\/57124c9179a9568cf5ddafe18603e5ed560d63ed.jpg","contentUrl":"https:\/\/puntodereferencia.com.ar\/wp-content\/uploads\/2022\/10\/57124c9179a9568cf5ddafe18603e5ed560d63ed.jpg","width":1280,"height":1043},{"@type":"WebPage","@id":"https:\/\/puntodereferencia.com.ar\/index.php\/2022\/10\/19\/la-dpec-realizara-trabajos-de-emergencia-en-riachuelo\/#webpage","url":"https:\/\/puntodereferencia.com.ar\/index.php\/2022\/10\/19\/la-dpec-realizara-trabajos-de-emergencia-en-riachuelo\/","name":"La DPEC realizar\u00e1 trabajos de emergencia en Riachuelo - Punto de Referencia","isPartOf":{"@id":"https:\/\/puntodereferencia.com.ar\/#website"},"primaryImageOfPage":{"@id":"https:\/\/puntodereferencia.com.ar\/index.php\/2022\/10\/19\/la-dpec-realizara-trabajos-de-emergencia-en-riachuelo\/#primaryimage"},"datePublished":"2022-10-19T12:52:00+00:00","dateModified":"2022-10-23T12:54:21+00:00","author":{"@id":"https:\/\/puntodereferencia.com.ar\/#\/schema\/person\/20515f63cb838bea48da9f8f1b31672c"},"breadcrumb":{"@id":"https:\/\/puntodereferencia.com.ar\/index.php\/2022\/10\/19\/la-dpec-realizara-trabajos-de-emergencia-en-riachuelo\/#breadcrumb"},"inLanguage":"es","potentialAction":[{"@type":"ReadAction","target":["https:\/\/puntodereferencia.com.ar\/index.php\/2022\/10\/19\/la-dpec-realizara-trabajos-de-emergencia-en-riachuelo\/"]}]},{"@type":"BreadcrumbList","@id":"https:\/\/puntodereferencia.com.ar\/index.php\/2022\/10\/19\/la-dpec-realizara-trabajos-de-emergencia-en-riachuelo\/#breadcrumb","itemListElement":[{"@type":"ListItem","position":1,"name":"Inicio","item":"https:\/\/puntodereferencia.com.ar\/"},{"@type":"ListItem","position":2,"name":"La DPEC realizar\u00e1 trabajos de emergencia en Riachuelo"}]},{"@type":"Person","@id":"https:\/\/puntodereferencia.com.ar\/#\/schema\/person\/20515f63cb838bea48da9f8f1b31672c","name":"Jesica Ibarra","image":{"@type":"ImageObject","@id":"https:\/\/puntodereferencia.com.ar\/#personlogo","inLanguage":"es","url":"https:\/\/secure.gravatar.com\/avatar\/51981cafa261fc2180a1b6eb2d0d46ed1028dc6610d8e6b2a32935dbb9be7e09?s=96&d=mm&r=g","contentUrl":"https:\/\/secure.gravatar.com\/avatar\/51981cafa261fc2180a1b6eb2d0d46ed1028dc6610d8e6b2a32935dbb9be7e09?s=96&d=mm&r=g","caption":"Jesica Ibarra"},"url":"https:\/\/puntodereferencia.com.ar\/index.php\/author\/jesica-ibarra\/"}]}},"_links":{"self":[{"href":"https:\/\/puntodereferencia.com.ar\/index.php\/wp-json\/wp\/v2\/posts\/11287","targetHints":{"allow":["GET"]}}],"collection":[{"href":"https:\/\/puntodereferencia.com.ar\/index.php\/wp-json\/wp\/v2\/posts"}],"about":[{"href":"https:\/\/puntodereferencia.com.ar\/index.php\/wp-json\/wp\/v2\/types\/post"}],"author":[{"embeddable":true,"href":"https:\/\/puntodereferencia.com.ar\/index.php\/wp-json\/wp\/v2\/users\/3"}],"replies":[{"embeddable":true,"href":"https:\/\/puntodereferencia.com.ar\/index.php\/wp-json\/wp\/v2\/comments?post=11287"}],"version-history":[{"count":1,"href":"https:\/\/puntodereferencia.com.ar\/index.php\/wp-json\/wp\/v2\/posts\/11287\/revisions"}],"predecessor-version":[{"id":11289,"href":"https:\/\/puntodereferencia.com.ar\/index.php\/wp-json\/wp\/v2\/posts\/11287\/revisions\/11289"}],"wp:featuredmedia":[{"embeddable":true,"href":"https:\/\/puntodereferencia.com.ar\/index.php\/wp-json\/wp\/v2\/media\/11288"}],"wp:attachment":[{"href":"https:\/\/puntodereferencia.com.ar\/index.php\/wp-json\/wp\/v2\/media?parent=11287"}],"wp:term":[{"taxonomy":"category","embeddable":true,"href":"https:\/\/puntodereferencia.com.ar\/index.php\/wp-json\/wp\/v2\/categories?post=11287"},{"taxonomy":"post_tag","embeddable":true,"href":"https:\/\/puntodereferencia.com.ar\/index.php\/wp-json\/wp\/v2\/tags?post=11287"}],"curies":[{"name":"wp","href":"https:\/\/api.w.org\/{rel}","templated":true}]}}