{"id":11293,"date":"2022-10-19T09:57:00","date_gmt":"2022-10-19T12:57:00","guid":{"rendered":"http:\/\/puntodereferencia.com.ar\/?p=11293"},"modified":"2022-10-23T10:00:00","modified_gmt":"2022-10-23T13:00:00","slug":"proyecto-en-el-marco-del-programa-generar-terapias-grupales","status":"publish","type":"post","link":"https:\/\/puntodereferencia.com.ar\/index.php\/2022\/10\/19\/proyecto-en-el-marco-del-programa-generar-terapias-grupales\/","title":{"rendered":"Proyecto en el marco del Programa GenerAR: terapias grupales"},"content":{"rendered":"\n<p>El Ministerio&nbsp;Desarrollo Social, a&nbsp;trav\u00e9s del&nbsp;Consejo Provincial de la Mujer, realiza terapias grupales. Los mismos en esta oportunidad fueron los d\u00edas lunes 17 y martes 18 en las instalaciones de este Consejo, sito en San Juan 1009, de 16 a 17.<\/p>\n\n\n\n<p>Con un grupo de mujeres previamente inscriptas, comenz\u00f3 a realizarse el ciclo de terapias grupales, programa y enmarcado en el \u201cPrograma Nacional GenerAR\u201d. Este espacio de interacci\u00f3n es&nbsp;con el fin de transmitir y proporcionarles a las mujeres herramientas; constituye un trabajo potente en el que confluyen los aspectos individuales de cada participante, la relaci\u00f3n entre los miembros que le da el sello particular a cada grupo y el contexto sociocultural en el que se desarrolla, aparte de tranquilidad, como as\u00ed tambi\u00e9n tener la libertad de elegir, la satisfacci\u00f3n de decidir, la posibilidad de superaci\u00f3n, entre&nbsp;otros temas que van surgiendo de esas reuniones.<\/p>\n\n\n\n<p>Cabe mencionar que uno de los objetivos del programa es que las mujeres tengan&nbsp;un \u00e1mbito social de pertenencia, compartir y aprender de las experiencias con personas que est\u00e1n enfrentando situaciones semejantes, disminuir la sensaci\u00f3n de aislamiento al contar con una red de apoyo y poder ayudar a otros a partir de la propia historia, entre otras.<\/p>\n\n\n\n<p>A modo informativo cabe recordar que el Programa GenerAR,&nbsp;busca consolidar las pol\u00edticas p\u00fablicas de g\u00e9nero y diversidad y asegurar mecanismos de transversalizaci\u00f3n de la perspectiva de g\u00e9nero y diversidad en todo el pa\u00eds.<\/p>\n","protected":false},"excerpt":{"rendered":"<p>El Ministerio&nbsp;Desarrollo Social, a&nbsp;trav\u00e9s del&nbsp;Consejo Provincial de la Mujer, realiza terapias grupales. Los mismos en esta oportunidad fueron los d\u00edas<\/p>\n","protected":false},"author":3,"featured_media":11294,"comment_status":"open","ping_status":"open","sticky":false,"template":"","format":"standard","meta":{"colormag_page_container_layout":"default_layout","colormag_page_sidebar_layout":"default_layout","footnotes":""},"categories":[1,7,5],"tags":[],"class_list":["post-11293","post","type-post","status-publish","format-standard","has-post-thumbnail","hentry","category-educacion","category-provincia","category-sociedad"],"yoast_head":"<!-- This site is optimized with the Yoast SEO plugin v17.2.1 - https:\/\/yoast.com\/wordpress\/plugins\/seo\/ -->\n<title>Proyecto en el marco del Programa GenerAR: terapias grupales - Punto de Referencia<\/title>\n<meta name=\"robots\" content=\"index, follow, max-snippet:-1, max-image-preview:large, max-video-preview:-1\" \/>\n<link rel=\"canonical\" href=\"https:\/\/puntodereferencia.com.ar\/index.php\/2022\/10\/19\/proyecto-en-el-marco-del-programa-generar-terapias-grupales\/\" \/>\n<meta property=\"og:locale\" content=\"es_ES\" \/>\n<meta property=\"og:type\" content=\"article\" \/>\n<meta property=\"og:title\" content=\"Proyecto en el marco del Programa GenerAR: terapias grupales - Punto de Referencia\" \/>\n<meta property=\"og:description\" content=\"El Ministerio&nbsp;Desarrollo Social, a&nbsp;trav\u00e9s del&nbsp;Consejo Provincial de la Mujer, realiza terapias grupales. Los mismos en esta oportunidad fueron los d\u00edas\" \/>\n<meta property=\"og:url\" content=\"https:\/\/puntodereferencia.com.ar\/index.php\/2022\/10\/19\/proyecto-en-el-marco-del-programa-generar-terapias-grupales\/\" \/>\n<meta property=\"og:site_name\" content=\"Punto de Referencia\" \/>\n<meta property=\"article:published_time\" content=\"2022-10-19T12:57:00+00:00\" \/>\n<meta property=\"article:modified_time\" content=\"2022-10-23T13:00:00+00:00\" \/>\n<meta property=\"og:image\" content=\"http:\/\/puntodereferencia.com.ar\/wp-content\/uploads\/2022\/10\/9ef41cd6232a6b68fb24c82c2faa1442cc78b23f.jpg\" \/>\n\t<meta property=\"og:image:width\" content=\"956\" \/>\n\t<meta property=\"og:image:height\" content=\"831\" \/>\n<meta name=\"twitter:card\" content=\"summary_large_image\" \/>\n<meta name=\"twitter:label1\" content=\"Escrito por\" \/>\n\t<meta name=\"twitter:data1\" content=\"Jesica Ibarra\" \/>\n\t<meta name=\"twitter:label2\" content=\"Tiempo de lectura\" \/>\n\t<meta name=\"twitter:data2\" content=\"2 minutos\" \/>\n<script type=\"application\/ld+json\" class=\"yoast-schema-graph\">{\"@context\":\"https:\/\/schema.org\",\"@graph\":[{\"@type\":\"WebSite\",\"@id\":\"https:\/\/puntodereferencia.com.ar\/#website\",\"url\":\"https:\/\/puntodereferencia.com.ar\/\",\"name\":\"Punto de Referencia\",\"description\":\"con Miguel Pelozo\",\"potentialAction\":[{\"@type\":\"SearchAction\",\"target\":{\"@type\":\"EntryPoint\",\"urlTemplate\":\"https:\/\/puntodereferencia.com.ar\/?s={search_term_string}\"},\"query-input\":\"required name=search_term_string\"}],\"inLanguage\":\"es\"},{\"@type\":\"ImageObject\",\"@id\":\"https:\/\/puntodereferencia.com.ar\/index.php\/2022\/10\/19\/proyecto-en-el-marco-del-programa-generar-terapias-grupales\/#primaryimage\",\"inLanguage\":\"es\",\"url\":\"https:\/\/puntodereferencia.com.ar\/wp-content\/uploads\/2022\/10\/9ef41cd6232a6b68fb24c82c2faa1442cc78b23f.jpg\",\"contentUrl\":\"https:\/\/puntodereferencia.com.ar\/wp-content\/uploads\/2022\/10\/9ef41cd6232a6b68fb24c82c2faa1442cc78b23f.jpg\",\"width\":956,\"height\":831},{\"@type\":\"WebPage\",\"@id\":\"https:\/\/puntodereferencia.com.ar\/index.php\/2022\/10\/19\/proyecto-en-el-marco-del-programa-generar-terapias-grupales\/#webpage\",\"url\":\"https:\/\/puntodereferencia.com.ar\/index.php\/2022\/10\/19\/proyecto-en-el-marco-del-programa-generar-terapias-grupales\/\",\"name\":\"Proyecto en el marco del Programa GenerAR: terapias grupales - Punto de Referencia\",\"isPartOf\":{\"@id\":\"https:\/\/puntodereferencia.com.ar\/#website\"},\"primaryImageOfPage\":{\"@id\":\"https:\/\/puntodereferencia.com.ar\/index.php\/2022\/10\/19\/proyecto-en-el-marco-del-programa-generar-terapias-grupales\/#primaryimage\"},\"datePublished\":\"2022-10-19T12:57:00+00:00\",\"dateModified\":\"2022-10-23T13:00:00+00:00\",\"author\":{\"@id\":\"https:\/\/puntodereferencia.com.ar\/#\/schema\/person\/20515f63cb838bea48da9f8f1b31672c\"},\"breadcrumb\":{\"@id\":\"https:\/\/puntodereferencia.com.ar\/index.php\/2022\/10\/19\/proyecto-en-el-marco-del-programa-generar-terapias-grupales\/#breadcrumb\"},\"inLanguage\":\"es\",\"potentialAction\":[{\"@type\":\"ReadAction\",\"target\":[\"https:\/\/puntodereferencia.com.ar\/index.php\/2022\/10\/19\/proyecto-en-el-marco-del-programa-generar-terapias-grupales\/\"]}]},{\"@type\":\"BreadcrumbList\",\"@id\":\"https:\/\/puntodereferencia.com.ar\/index.php\/2022\/10\/19\/proyecto-en-el-marco-del-programa-generar-terapias-grupales\/#breadcrumb\",\"itemListElement\":[{\"@type\":\"ListItem\",\"position\":1,\"name\":\"Inicio\",\"item\":\"https:\/\/puntodereferencia.com.ar\/\"},{\"@type\":\"ListItem\",\"position\":2,\"name\":\"Proyecto en el marco del Programa GenerAR: terapias grupales\"}]},{\"@type\":\"Person\",\"@id\":\"https:\/\/puntodereferencia.com.ar\/#\/schema\/person\/20515f63cb838bea48da9f8f1b31672c\",\"name\":\"Jesica Ibarra\",\"image\":{\"@type\":\"ImageObject\",\"@id\":\"https:\/\/puntodereferencia.com.ar\/#personlogo\",\"inLanguage\":\"es\",\"url\":\"https:\/\/secure.gravatar.com\/avatar\/51981cafa261fc2180a1b6eb2d0d46ed1028dc6610d8e6b2a32935dbb9be7e09?s=96&d=mm&r=g\",\"contentUrl\":\"https:\/\/secure.gravatar.com\/avatar\/51981cafa261fc2180a1b6eb2d0d46ed1028dc6610d8e6b2a32935dbb9be7e09?s=96&d=mm&r=g\",\"caption\":\"Jesica Ibarra\"},\"url\":\"https:\/\/puntodereferencia.com.ar\/index.php\/author\/jesica-ibarra\/\"}]}<\/script>\n<!-- \/ Yoast SEO plugin. -->","yoast_head_json":{"title":"Proyecto en el marco del Programa GenerAR: terapias grupales - Punto de Referencia","robots":{"index":"index","follow":"follow","max-snippet":"max-snippet:-1","max-image-preview":"max-image-preview:large","max-video-preview":"max-video-preview:-1"},"canonical":"https:\/\/puntodereferencia.com.ar\/index.php\/2022\/10\/19\/proyecto-en-el-marco-del-programa-generar-terapias-grupales\/","og_locale":"es_ES","og_type":"article","og_title":"Proyecto en el marco del Programa GenerAR: terapias grupales - Punto de Referencia","og_description":"El Ministerio&nbsp;Desarrollo Social, a&nbsp;trav\u00e9s del&nbsp;Consejo Provincial de la Mujer, realiza terapias grupales. Los mismos en esta oportunidad fueron los d\u00edas","og_url":"https:\/\/puntodereferencia.com.ar\/index.php\/2022\/10\/19\/proyecto-en-el-marco-del-programa-generar-terapias-grupales\/","og_site_name":"Punto de Referencia","article_published_time":"2022-10-19T12:57:00+00:00","article_modified_time":"2022-10-23T13:00:00+00:00","og_image":[{"width":956,"height":831,"url":"http:\/\/puntodereferencia.com.ar\/wp-content\/uploads\/2022\/10\/9ef41cd6232a6b68fb24c82c2faa1442cc78b23f.jpg","path":"\/home\/u322846391\/domains\/puntodereferencia.com.ar\/public_html\/wp-content\/uploads\/2022\/10\/9ef41cd6232a6b68fb24c82c2faa1442cc78b23f.jpg","size":"full","id":11294,"alt":"","pixels":794436,"type":"image\/jpeg"}],"twitter_card":"summary_large_image","twitter_misc":{"Escrito por":"Jesica Ibarra","Tiempo de lectura":"2 minutos"},"schema":{"@context":"https:\/\/schema.org","@graph":[{"@type":"WebSite","@id":"https:\/\/puntodereferencia.com.ar\/#website","url":"https:\/\/puntodereferencia.com.ar\/","name":"Punto de Referencia","description":"con Miguel Pelozo","potentialAction":[{"@type":"SearchAction","target":{"@type":"EntryPoint","urlTemplate":"https:\/\/puntodereferencia.com.ar\/?s={search_term_string}"},"query-input":"required name=search_term_string"}],"inLanguage":"es"},{"@type":"ImageObject","@id":"https:\/\/puntodereferencia.com.ar\/index.php\/2022\/10\/19\/proyecto-en-el-marco-del-programa-generar-terapias-grupales\/#primaryimage","inLanguage":"es","url":"https:\/\/puntodereferencia.com.ar\/wp-content\/uploads\/2022\/10\/9ef41cd6232a6b68fb24c82c2faa1442cc78b23f.jpg","contentUrl":"https:\/\/puntodereferencia.com.ar\/wp-content\/uploads\/2022\/10\/9ef41cd6232a6b68fb24c82c2faa1442cc78b23f.jpg","width":956,"height":831},{"@type":"WebPage","@id":"https:\/\/puntodereferencia.com.ar\/index.php\/2022\/10\/19\/proyecto-en-el-marco-del-programa-generar-terapias-grupales\/#webpage","url":"https:\/\/puntodereferencia.com.ar\/index.php\/2022\/10\/19\/proyecto-en-el-marco-del-programa-generar-terapias-grupales\/","name":"Proyecto en el marco del Programa GenerAR: terapias grupales - Punto de Referencia","isPartOf":{"@id":"https:\/\/puntodereferencia.com.ar\/#website"},"primaryImageOfPage":{"@id":"https:\/\/puntodereferencia.com.ar\/index.php\/2022\/10\/19\/proyecto-en-el-marco-del-programa-generar-terapias-grupales\/#primaryimage"},"datePublished":"2022-10-19T12:57:00+00:00","dateModified":"2022-10-23T13:00:00+00:00","author":{"@id":"https:\/\/puntodereferencia.com.ar\/#\/schema\/person\/20515f63cb838bea48da9f8f1b31672c"},"breadcrumb":{"@id":"https:\/\/puntodereferencia.com.ar\/index.php\/2022\/10\/19\/proyecto-en-el-marco-del-programa-generar-terapias-grupales\/#breadcrumb"},"inLanguage":"es","potentialAction":[{"@type":"ReadAction","target":["https:\/\/puntodereferencia.com.ar\/index.php\/2022\/10\/19\/proyecto-en-el-marco-del-programa-generar-terapias-grupales\/"]}]},{"@type":"BreadcrumbList","@id":"https:\/\/puntodereferencia.com.ar\/index.php\/2022\/10\/19\/proyecto-en-el-marco-del-programa-generar-terapias-grupales\/#breadcrumb","itemListElement":[{"@type":"ListItem","position":1,"name":"Inicio","item":"https:\/\/puntodereferencia.com.ar\/"},{"@type":"ListItem","position":2,"name":"Proyecto en el marco del Programa GenerAR: terapias grupales"}]},{"@type":"Person","@id":"https:\/\/puntodereferencia.com.ar\/#\/schema\/person\/20515f63cb838bea48da9f8f1b31672c","name":"Jesica Ibarra","image":{"@type":"ImageObject","@id":"https:\/\/puntodereferencia.com.ar\/#personlogo","inLanguage":"es","url":"https:\/\/secure.gravatar.com\/avatar\/51981cafa261fc2180a1b6eb2d0d46ed1028dc6610d8e6b2a32935dbb9be7e09?s=96&d=mm&r=g","contentUrl":"https:\/\/secure.gravatar.com\/avatar\/51981cafa261fc2180a1b6eb2d0d46ed1028dc6610d8e6b2a32935dbb9be7e09?s=96&d=mm&r=g","caption":"Jesica Ibarra"},"url":"https:\/\/puntodereferencia.com.ar\/index.php\/author\/jesica-ibarra\/"}]}},"_links":{"self":[{"href":"https:\/\/puntodereferencia.com.ar\/index.php\/wp-json\/wp\/v2\/posts\/11293","targetHints":{"allow":["GET"]}}],"collection":[{"href":"https:\/\/puntodereferencia.com.ar\/index.php\/wp-json\/wp\/v2\/posts"}],"about":[{"href":"https:\/\/puntodereferencia.com.ar\/index.php\/wp-json\/wp\/v2\/types\/post"}],"author":[{"embeddable":true,"href":"https:\/\/puntodereferencia.com.ar\/index.php\/wp-json\/wp\/v2\/users\/3"}],"replies":[{"embeddable":true,"href":"https:\/\/puntodereferencia.com.ar\/index.php\/wp-json\/wp\/v2\/comments?post=11293"}],"version-history":[{"count":1,"href":"https:\/\/puntodereferencia.com.ar\/index.php\/wp-json\/wp\/v2\/posts\/11293\/revisions"}],"predecessor-version":[{"id":11295,"href":"https:\/\/puntodereferencia.com.ar\/index.php\/wp-json\/wp\/v2\/posts\/11293\/revisions\/11295"}],"wp:featuredmedia":[{"embeddable":true,"href":"https:\/\/puntodereferencia.com.ar\/index.php\/wp-json\/wp\/v2\/media\/11294"}],"wp:attachment":[{"href":"https:\/\/puntodereferencia.com.ar\/index.php\/wp-json\/wp\/v2\/media?parent=11293"}],"wp:term":[{"taxonomy":"category","embeddable":true,"href":"https:\/\/puntodereferencia.com.ar\/index.php\/wp-json\/wp\/v2\/categories?post=11293"},{"taxonomy":"post_tag","embeddable":true,"href":"https:\/\/puntodereferencia.com.ar\/index.php\/wp-json\/wp\/v2\/tags?post=11293"}],"curies":[{"name":"wp","href":"https:\/\/api.w.org\/{rel}","templated":true}]}}