{"id":11296,"date":"2022-10-19T10:00:00","date_gmt":"2022-10-19T13:00:00","guid":{"rendered":"http:\/\/puntodereferencia.com.ar\/?p=11296"},"modified":"2022-10-23T10:05:58","modified_gmt":"2022-10-23T13:05:58","slug":"el-ministro-de-salud-ricardo-cardozo-entrego-elementos-y-recorrio-las-obras-del-ical","status":"publish","type":"post","link":"https:\/\/puntodereferencia.com.ar\/index.php\/2022\/10\/19\/el-ministro-de-salud-ricardo-cardozo-entrego-elementos-y-recorrio-las-obras-del-ical\/","title":{"rendered":"El ministro de Salud Ricardo Cardozo entreg\u00f3 elementos y recorri\u00f3 las obras del ICAL"},"content":{"rendered":"\n<p><em>Se trata de bipedestadores adulto y pedi\u00e1trico destinados a la rehabilitaci\u00f3n de los pacientes. Las obras comprenden ampliaci\u00f3n y refacci\u00f3n integral de los servicios de kinesiolog\u00eda, fonoaudiolog\u00eda, terapia ocupacional, entre otros. Cardozo destac\u00f3 la calidad de la atenci\u00f3n de los profesionales y la respuesta a la demanda que tiene la instituci\u00f3n.<\/em><\/p>\n\n\n\n<p>El ministro de Salud P\u00fablica, Ricardo Cardozo, entreg\u00f3 este mi\u00e9rcoles bipedestadores adulto y pedi\u00e1trico destinados a la rehabilitaci\u00f3n de los pacientes del Instituto de Ayuda al Lisiado ICAL. En la ocasi\u00f3n, tambi\u00e9n recorri\u00f3 las obras de ampliaci\u00f3n y refacci\u00f3n que se llevan adelante en dicha instituci\u00f3n.<\/p>\n\n\n\n<p>Participaron de las actividades los directores ejecutivos del Instituto de Ayuda al Lisiado, Jos\u00e9 Luis S\u00e1enz y asistencial Patricia Mauri\u00f1o; la subsecretaria de Atenci\u00f3n Primaria de la Salud, Alicia Pereira y la directora de Atenci\u00f3n a la Discapacidad, Mirta Mendoza.<\/p>\n\n\n\n<p>\u201cEntregamos bipedestadores adulto y pedi\u00e1trico, elementos fundamentales destinados a la rehabilitaci\u00f3n de personas que lo necesiten. Esto es algo que estamos haciendo a trav\u00e9s de la Direcci\u00f3n de Atenci\u00f3n a la Discapacidad, con Mirta Mendoza\u201d, detall\u00f3 el titular de la cartera sanitaria provincial, Ricardo Cardozo.<\/p>\n\n\n\n<p>\u201cTambi\u00e9n recorrimos las obras de ampliaci\u00f3n y refacci\u00f3n integral que comprenden servicios de kinesiolog\u00eda, fonoaudiolog\u00eda, terapia ocupacional, adem\u00e1s de las \u00e1reas de odontolog\u00eda, enfermer\u00eda y administraci\u00f3n, entre otros sectores. Se est\u00e1 haciendo un trabajo importante para algo tan significativo como lo es la rehabilitaci\u00f3n de las personas que requieren estas prestaciones\u201d, precis\u00f3.<\/p>\n\n\n\n<p>\u201cPor otro lado, visitamos cada uno de los servicios, que est\u00e1n funcionando moment\u00e1neamente en el sector pedi\u00e1trico. Es destacable la alegr\u00eda y dedicaci\u00f3n con la que trabajan los profesionales, nos quedamos felices al ver esto. Y en este sentido, los felicitamos porque han logrado reducir la lista de espera frente a la gran demanda que tienen\u201d, finaliz\u00f3 el funcionario.<\/p>\n\n\n\n<p>En tanto, el director ejecutivo del Instituto de Ayuda al Lisiado, Jos\u00e9 Luis S\u00e1enz Azar, dijo que \u201clos turnos que estaban retrasados por la lista de espera, hoy pr\u00e1cticamente han desaparecido, s\u00ed tuvimos que adaptar los servicios por las refacciones que estamos haciendo, pero estamos trabajando muy bien con un promedio mensual de 1.100 pacientes en el instituto\u201d.<\/p>\n\n\n\n<p>Destac\u00f3 que \u201ccontamos con una ambulancia nueva desde hace un mes que nos otorg\u00f3 el Ministerio de Salud P\u00fablica, con la que actualmente contamos con dos ambulancias para el traslado de los pacientes que por alguna raz\u00f3n no pueden movilizarse, tenemos ese servicio disponible tambi\u00e9n\u201d.<\/p>\n\n\n\n<p>Se pueden acceder a los turnos mediante tel\u00e9fono fijo al 4424842, al celular 379 5104903, para pediatr\u00eda al 379 4225773, por correo a:&nbsp;<a href=\"mailto:corrientesical@gmail.com\" target=\"_blank\" rel=\"noreferrer noopener\">corrientesical@gmail.com<\/a>&nbsp;o present\u00e1ndose de 8 a 12 y d5 a 17 en la instituci\u00f3n (Santa Fe 762).<\/p>\n\n\n\n<figure class=\"wp-block-image size-large\"><img loading=\"lazy\" decoding=\"async\" width=\"1024\" height=\"830\" src=\"http:\/\/puntodereferencia.com.ar\/wp-content\/uploads\/2022\/10\/5a80aac4d46bbbdf114418e3d32b0bc889cc9208-1024x830.jpg\" alt=\"\" class=\"wp-image-11298\" srcset=\"https:\/\/puntodereferencia.com.ar\/wp-content\/uploads\/2022\/10\/5a80aac4d46bbbdf114418e3d32b0bc889cc9208-1024x830.jpg 1024w, https:\/\/puntodereferencia.com.ar\/wp-content\/uploads\/2022\/10\/5a80aac4d46bbbdf114418e3d32b0bc889cc9208-300x243.jpg 300w, https:\/\/puntodereferencia.com.ar\/wp-content\/uploads\/2022\/10\/5a80aac4d46bbbdf114418e3d32b0bc889cc9208-768x623.jpg 768w, https:\/\/puntodereferencia.com.ar\/wp-content\/uploads\/2022\/10\/5a80aac4d46bbbdf114418e3d32b0bc889cc9208.jpg 1047w\" sizes=\"auto, (max-width: 1024px) 100vw, 1024px\" \/><\/figure>\n\n\n\n<figure class=\"wp-block-image size-full\"><img loading=\"lazy\" decoding=\"async\" width=\"784\" height=\"734\" src=\"http:\/\/puntodereferencia.com.ar\/wp-content\/uploads\/2022\/10\/c5c4598269bfa70cb0b2959475ccb79df891ddb7.jpg\" alt=\"\" class=\"wp-image-11299\" srcset=\"https:\/\/puntodereferencia.com.ar\/wp-content\/uploads\/2022\/10\/c5c4598269bfa70cb0b2959475ccb79df891ddb7.jpg 784w, https:\/\/puntodereferencia.com.ar\/wp-content\/uploads\/2022\/10\/c5c4598269bfa70cb0b2959475ccb79df891ddb7-300x281.jpg 300w, https:\/\/puntodereferencia.com.ar\/wp-content\/uploads\/2022\/10\/c5c4598269bfa70cb0b2959475ccb79df891ddb7-768x719.jpg 768w\" sizes=\"auto, (max-width: 784px) 100vw, 784px\" \/><\/figure>\n\n\n\n<figure class=\"wp-block-image size-large\"><img loading=\"lazy\" decoding=\"async\" width=\"1024\" height=\"682\" src=\"http:\/\/puntodereferencia.com.ar\/wp-content\/uploads\/2022\/10\/650a37f028cd0e92f404ffc5c3d347ce4a65e010-1024x682.jpg\" alt=\"\" class=\"wp-image-11300\" srcset=\"https:\/\/puntodereferencia.com.ar\/wp-content\/uploads\/2022\/10\/650a37f028cd0e92f404ffc5c3d347ce4a65e010-1024x682.jpg 1024w, https:\/\/puntodereferencia.com.ar\/wp-content\/uploads\/2022\/10\/650a37f028cd0e92f404ffc5c3d347ce4a65e010-300x200.jpg 300w, https:\/\/puntodereferencia.com.ar\/wp-content\/uploads\/2022\/10\/650a37f028cd0e92f404ffc5c3d347ce4a65e010-768x512.jpg 768w, https:\/\/puntodereferencia.com.ar\/wp-content\/uploads\/2022\/10\/650a37f028cd0e92f404ffc5c3d347ce4a65e010.jpg 1280w\" sizes=\"auto, (max-width: 1024px) 100vw, 1024px\" \/><\/figure>\n","protected":false},"excerpt":{"rendered":"<p>Se trata de bipedestadores adulto y pedi\u00e1trico destinados a la rehabilitaci\u00f3n de los pacientes. Las obras comprenden ampliaci\u00f3n y refacci\u00f3n<\/p>\n","protected":false},"author":3,"featured_media":11297,"comment_status":"open","ping_status":"open","sticky":false,"template":"","format":"standard","meta":{"colormag_page_container_layout":"default_layout","colormag_page_sidebar_layout":"default_layout","footnotes":""},"categories":[3,7,9,5],"tags":[],"class_list":["post-11296","post","type-post","status-publish","format-standard","has-post-thumbnail","hentry","category-politica","category-provincia","category-salud","category-sociedad"],"yoast_head":"<!-- This site is optimized with the Yoast SEO plugin v17.2.1 - https:\/\/yoast.com\/wordpress\/plugins\/seo\/ -->\n<title>El ministro de Salud Ricardo Cardozo entreg\u00f3 elementos y recorri\u00f3 las obras del ICAL - Punto de Referencia<\/title>\n<meta name=\"robots\" content=\"index, follow, max-snippet:-1, max-image-preview:large, max-video-preview:-1\" \/>\n<link rel=\"canonical\" href=\"https:\/\/puntodereferencia.com.ar\/index.php\/2022\/10\/19\/el-ministro-de-salud-ricardo-cardozo-entrego-elementos-y-recorrio-las-obras-del-ical\/\" \/>\n<meta property=\"og:locale\" content=\"es_ES\" \/>\n<meta property=\"og:type\" content=\"article\" \/>\n<meta property=\"og:title\" content=\"El ministro de Salud Ricardo Cardozo entreg\u00f3 elementos y recorri\u00f3 las obras del ICAL - Punto de Referencia\" \/>\n<meta property=\"og:description\" content=\"Se trata de bipedestadores adulto y pedi\u00e1trico destinados a la rehabilitaci\u00f3n de los pacientes. Las obras comprenden ampliaci\u00f3n y refacci\u00f3n\" \/>\n<meta property=\"og:url\" content=\"https:\/\/puntodereferencia.com.ar\/index.php\/2022\/10\/19\/el-ministro-de-salud-ricardo-cardozo-entrego-elementos-y-recorrio-las-obras-del-ical\/\" \/>\n<meta property=\"og:site_name\" content=\"Punto de Referencia\" \/>\n<meta property=\"article:published_time\" content=\"2022-10-19T13:00:00+00:00\" \/>\n<meta property=\"article:modified_time\" content=\"2022-10-23T13:05:58+00:00\" \/>\n<meta property=\"og:image\" content=\"http:\/\/puntodereferencia.com.ar\/wp-content\/uploads\/2022\/10\/f1d8c509946892a0972ffdc07738a20754bcdbe4.jpg\" \/>\n\t<meta property=\"og:image:width\" content=\"1280\" \/>\n\t<meta property=\"og:image:height\" content=\"853\" \/>\n<meta name=\"twitter:card\" content=\"summary_large_image\" \/>\n<meta name=\"twitter:label1\" content=\"Escrito por\" \/>\n\t<meta name=\"twitter:data1\" content=\"Jesica Ibarra\" \/>\n\t<meta name=\"twitter:label2\" content=\"Tiempo de lectura\" \/>\n\t<meta name=\"twitter:data2\" content=\"3 minutos\" \/>\n<script type=\"application\/ld+json\" class=\"yoast-schema-graph\">{\"@context\":\"https:\/\/schema.org\",\"@graph\":[{\"@type\":\"WebSite\",\"@id\":\"https:\/\/puntodereferencia.com.ar\/#website\",\"url\":\"https:\/\/puntodereferencia.com.ar\/\",\"name\":\"Punto de Referencia\",\"description\":\"con Miguel Pelozo\",\"potentialAction\":[{\"@type\":\"SearchAction\",\"target\":{\"@type\":\"EntryPoint\",\"urlTemplate\":\"https:\/\/puntodereferencia.com.ar\/?s={search_term_string}\"},\"query-input\":\"required name=search_term_string\"}],\"inLanguage\":\"es\"},{\"@type\":\"ImageObject\",\"@id\":\"https:\/\/puntodereferencia.com.ar\/index.php\/2022\/10\/19\/el-ministro-de-salud-ricardo-cardozo-entrego-elementos-y-recorrio-las-obras-del-ical\/#primaryimage\",\"inLanguage\":\"es\",\"url\":\"https:\/\/puntodereferencia.com.ar\/wp-content\/uploads\/2022\/10\/f1d8c509946892a0972ffdc07738a20754bcdbe4.jpg\",\"contentUrl\":\"https:\/\/puntodereferencia.com.ar\/wp-content\/uploads\/2022\/10\/f1d8c509946892a0972ffdc07738a20754bcdbe4.jpg\",\"width\":1280,\"height\":853},{\"@type\":\"WebPage\",\"@id\":\"https:\/\/puntodereferencia.com.ar\/index.php\/2022\/10\/19\/el-ministro-de-salud-ricardo-cardozo-entrego-elementos-y-recorrio-las-obras-del-ical\/#webpage\",\"url\":\"https:\/\/puntodereferencia.com.ar\/index.php\/2022\/10\/19\/el-ministro-de-salud-ricardo-cardozo-entrego-elementos-y-recorrio-las-obras-del-ical\/\",\"name\":\"El ministro de Salud Ricardo Cardozo entreg\\u00f3 elementos y recorri\\u00f3 las obras del ICAL - Punto de Referencia\",\"isPartOf\":{\"@id\":\"https:\/\/puntodereferencia.com.ar\/#website\"},\"primaryImageOfPage\":{\"@id\":\"https:\/\/puntodereferencia.com.ar\/index.php\/2022\/10\/19\/el-ministro-de-salud-ricardo-cardozo-entrego-elementos-y-recorrio-las-obras-del-ical\/#primaryimage\"},\"datePublished\":\"2022-10-19T13:00:00+00:00\",\"dateModified\":\"2022-10-23T13:05:58+00:00\",\"author\":{\"@id\":\"https:\/\/puntodereferencia.com.ar\/#\/schema\/person\/20515f63cb838bea48da9f8f1b31672c\"},\"breadcrumb\":{\"@id\":\"https:\/\/puntodereferencia.com.ar\/index.php\/2022\/10\/19\/el-ministro-de-salud-ricardo-cardozo-entrego-elementos-y-recorrio-las-obras-del-ical\/#breadcrumb\"},\"inLanguage\":\"es\",\"potentialAction\":[{\"@type\":\"ReadAction\",\"target\":[\"https:\/\/puntodereferencia.com.ar\/index.php\/2022\/10\/19\/el-ministro-de-salud-ricardo-cardozo-entrego-elementos-y-recorrio-las-obras-del-ical\/\"]}]},{\"@type\":\"BreadcrumbList\",\"@id\":\"https:\/\/puntodereferencia.com.ar\/index.php\/2022\/10\/19\/el-ministro-de-salud-ricardo-cardozo-entrego-elementos-y-recorrio-las-obras-del-ical\/#breadcrumb\",\"itemListElement\":[{\"@type\":\"ListItem\",\"position\":1,\"name\":\"Inicio\",\"item\":\"https:\/\/puntodereferencia.com.ar\/\"},{\"@type\":\"ListItem\",\"position\":2,\"name\":\"El ministro de Salud Ricardo Cardozo entreg\\u00f3 elementos y recorri\\u00f3 las obras del ICAL\"}]},{\"@type\":\"Person\",\"@id\":\"https:\/\/puntodereferencia.com.ar\/#\/schema\/person\/20515f63cb838bea48da9f8f1b31672c\",\"name\":\"Jesica Ibarra\",\"image\":{\"@type\":\"ImageObject\",\"@id\":\"https:\/\/puntodereferencia.com.ar\/#personlogo\",\"inLanguage\":\"es\",\"url\":\"https:\/\/secure.gravatar.com\/avatar\/51981cafa261fc2180a1b6eb2d0d46ed1028dc6610d8e6b2a32935dbb9be7e09?s=96&d=mm&r=g\",\"contentUrl\":\"https:\/\/secure.gravatar.com\/avatar\/51981cafa261fc2180a1b6eb2d0d46ed1028dc6610d8e6b2a32935dbb9be7e09?s=96&d=mm&r=g\",\"caption\":\"Jesica Ibarra\"},\"url\":\"https:\/\/puntodereferencia.com.ar\/index.php\/author\/jesica-ibarra\/\"}]}<\/script>\n<!-- \/ Yoast SEO plugin. -->","yoast_head_json":{"title":"El ministro de Salud Ricardo Cardozo entreg\u00f3 elementos y recorri\u00f3 las obras del ICAL - Punto de Referencia","robots":{"index":"index","follow":"follow","max-snippet":"max-snippet:-1","max-image-preview":"max-image-preview:large","max-video-preview":"max-video-preview:-1"},"canonical":"https:\/\/puntodereferencia.com.ar\/index.php\/2022\/10\/19\/el-ministro-de-salud-ricardo-cardozo-entrego-elementos-y-recorrio-las-obras-del-ical\/","og_locale":"es_ES","og_type":"article","og_title":"El ministro de Salud Ricardo Cardozo entreg\u00f3 elementos y recorri\u00f3 las obras del ICAL - Punto de Referencia","og_description":"Se trata de bipedestadores adulto y pedi\u00e1trico destinados a la rehabilitaci\u00f3n de los pacientes. Las obras comprenden ampliaci\u00f3n y refacci\u00f3n","og_url":"https:\/\/puntodereferencia.com.ar\/index.php\/2022\/10\/19\/el-ministro-de-salud-ricardo-cardozo-entrego-elementos-y-recorrio-las-obras-del-ical\/","og_site_name":"Punto de Referencia","article_published_time":"2022-10-19T13:00:00+00:00","article_modified_time":"2022-10-23T13:05:58+00:00","og_image":[{"width":1280,"height":853,"url":"http:\/\/puntodereferencia.com.ar\/wp-content\/uploads\/2022\/10\/f1d8c509946892a0972ffdc07738a20754bcdbe4.jpg","path":"\/home\/u322846391\/domains\/puntodereferencia.com.ar\/public_html\/wp-content\/uploads\/2022\/10\/f1d8c509946892a0972ffdc07738a20754bcdbe4.jpg","size":"full","id":11297,"alt":"","pixels":1091840,"type":"image\/jpeg"}],"twitter_card":"summary_large_image","twitter_misc":{"Escrito por":"Jesica Ibarra","Tiempo de lectura":"3 minutos"},"schema":{"@context":"https:\/\/schema.org","@graph":[{"@type":"WebSite","@id":"https:\/\/puntodereferencia.com.ar\/#website","url":"https:\/\/puntodereferencia.com.ar\/","name":"Punto de Referencia","description":"con Miguel Pelozo","potentialAction":[{"@type":"SearchAction","target":{"@type":"EntryPoint","urlTemplate":"https:\/\/puntodereferencia.com.ar\/?s={search_term_string}"},"query-input":"required name=search_term_string"}],"inLanguage":"es"},{"@type":"ImageObject","@id":"https:\/\/puntodereferencia.com.ar\/index.php\/2022\/10\/19\/el-ministro-de-salud-ricardo-cardozo-entrego-elementos-y-recorrio-las-obras-del-ical\/#primaryimage","inLanguage":"es","url":"https:\/\/puntodereferencia.com.ar\/wp-content\/uploads\/2022\/10\/f1d8c509946892a0972ffdc07738a20754bcdbe4.jpg","contentUrl":"https:\/\/puntodereferencia.com.ar\/wp-content\/uploads\/2022\/10\/f1d8c509946892a0972ffdc07738a20754bcdbe4.jpg","width":1280,"height":853},{"@type":"WebPage","@id":"https:\/\/puntodereferencia.com.ar\/index.php\/2022\/10\/19\/el-ministro-de-salud-ricardo-cardozo-entrego-elementos-y-recorrio-las-obras-del-ical\/#webpage","url":"https:\/\/puntodereferencia.com.ar\/index.php\/2022\/10\/19\/el-ministro-de-salud-ricardo-cardozo-entrego-elementos-y-recorrio-las-obras-del-ical\/","name":"El ministro de Salud Ricardo Cardozo entreg\u00f3 elementos y recorri\u00f3 las obras del ICAL - Punto de Referencia","isPartOf":{"@id":"https:\/\/puntodereferencia.com.ar\/#website"},"primaryImageOfPage":{"@id":"https:\/\/puntodereferencia.com.ar\/index.php\/2022\/10\/19\/el-ministro-de-salud-ricardo-cardozo-entrego-elementos-y-recorrio-las-obras-del-ical\/#primaryimage"},"datePublished":"2022-10-19T13:00:00+00:00","dateModified":"2022-10-23T13:05:58+00:00","author":{"@id":"https:\/\/puntodereferencia.com.ar\/#\/schema\/person\/20515f63cb838bea48da9f8f1b31672c"},"breadcrumb":{"@id":"https:\/\/puntodereferencia.com.ar\/index.php\/2022\/10\/19\/el-ministro-de-salud-ricardo-cardozo-entrego-elementos-y-recorrio-las-obras-del-ical\/#breadcrumb"},"inLanguage":"es","potentialAction":[{"@type":"ReadAction","target":["https:\/\/puntodereferencia.com.ar\/index.php\/2022\/10\/19\/el-ministro-de-salud-ricardo-cardozo-entrego-elementos-y-recorrio-las-obras-del-ical\/"]}]},{"@type":"BreadcrumbList","@id":"https:\/\/puntodereferencia.com.ar\/index.php\/2022\/10\/19\/el-ministro-de-salud-ricardo-cardozo-entrego-elementos-y-recorrio-las-obras-del-ical\/#breadcrumb","itemListElement":[{"@type":"ListItem","position":1,"name":"Inicio","item":"https:\/\/puntodereferencia.com.ar\/"},{"@type":"ListItem","position":2,"name":"El ministro de Salud Ricardo Cardozo entreg\u00f3 elementos y recorri\u00f3 las obras del ICAL"}]},{"@type":"Person","@id":"https:\/\/puntodereferencia.com.ar\/#\/schema\/person\/20515f63cb838bea48da9f8f1b31672c","name":"Jesica Ibarra","image":{"@type":"ImageObject","@id":"https:\/\/puntodereferencia.com.ar\/#personlogo","inLanguage":"es","url":"https:\/\/secure.gravatar.com\/avatar\/51981cafa261fc2180a1b6eb2d0d46ed1028dc6610d8e6b2a32935dbb9be7e09?s=96&d=mm&r=g","contentUrl":"https:\/\/secure.gravatar.com\/avatar\/51981cafa261fc2180a1b6eb2d0d46ed1028dc6610d8e6b2a32935dbb9be7e09?s=96&d=mm&r=g","caption":"Jesica Ibarra"},"url":"https:\/\/puntodereferencia.com.ar\/index.php\/author\/jesica-ibarra\/"}]}},"_links":{"self":[{"href":"https:\/\/puntodereferencia.com.ar\/index.php\/wp-json\/wp\/v2\/posts\/11296","targetHints":{"allow":["GET"]}}],"collection":[{"href":"https:\/\/puntodereferencia.com.ar\/index.php\/wp-json\/wp\/v2\/posts"}],"about":[{"href":"https:\/\/puntodereferencia.com.ar\/index.php\/wp-json\/wp\/v2\/types\/post"}],"author":[{"embeddable":true,"href":"https:\/\/puntodereferencia.com.ar\/index.php\/wp-json\/wp\/v2\/users\/3"}],"replies":[{"embeddable":true,"href":"https:\/\/puntodereferencia.com.ar\/index.php\/wp-json\/wp\/v2\/comments?post=11296"}],"version-history":[{"count":1,"href":"https:\/\/puntodereferencia.com.ar\/index.php\/wp-json\/wp\/v2\/posts\/11296\/revisions"}],"predecessor-version":[{"id":11301,"href":"https:\/\/puntodereferencia.com.ar\/index.php\/wp-json\/wp\/v2\/posts\/11296\/revisions\/11301"}],"wp:featuredmedia":[{"embeddable":true,"href":"https:\/\/puntodereferencia.com.ar\/index.php\/wp-json\/wp\/v2\/media\/11297"}],"wp:attachment":[{"href":"https:\/\/puntodereferencia.com.ar\/index.php\/wp-json\/wp\/v2\/media?parent=11296"}],"wp:term":[{"taxonomy":"category","embeddable":true,"href":"https:\/\/puntodereferencia.com.ar\/index.php\/wp-json\/wp\/v2\/categories?post=11296"},{"taxonomy":"post_tag","embeddable":true,"href":"https:\/\/puntodereferencia.com.ar\/index.php\/wp-json\/wp\/v2\/tags?post=11296"}],"curies":[{"name":"wp","href":"https:\/\/api.w.org\/{rel}","templated":true}]}}