{"id":11303,"date":"2022-10-23T17:11:14","date_gmt":"2022-10-23T20:11:14","guid":{"rendered":"http:\/\/puntodereferencia.com.ar\/?p=11303"},"modified":"2022-10-23T17:11:16","modified_gmt":"2022-10-23T20:11:16","slug":"mas-de-900-correntinos-partieron-a-los-juegos-nacionales-en-mar-del-plata","status":"publish","type":"post","link":"https:\/\/puntodereferencia.com.ar\/index.php\/2022\/10\/23\/mas-de-900-correntinos-partieron-a-los-juegos-nacionales-en-mar-del-plata\/","title":{"rendered":"M\u00e1s de 900 correntinos partieron a los \u201cJuegos Nacionales\u201d en Mar del Plata"},"content":{"rendered":"\n<p>Bajo la coordinaci\u00f3n de la Secretar\u00eda de Deportes, parti\u00f3 hoy rumbo a Mar del Plata, el contingente correntino que representar\u00e1 a la Provincia en los \u201cJuegos Nacionales 2022\u201d. Este lunes por la tarde est\u00e1 programado el acto inaugural y las competencias deportivas iniciar\u00e1n el martes.<\/p>\n\n\n\n<p>Para esta edici\u00f3n de los Nacionales salieron un total de 15 \u00f3mnibus de diferentes puntos de la geograf\u00eda provincial. En Capital, el punto de encuentro fue Lavalle y Costanera Sur. En la oportunidad, se hizo presente la diputada provincial, Andrea Giotta, qui\u00e9n entreg\u00f3 a la coordinadora general de la delegaci\u00f3n correntina, Lettizia Alcaraz, la declaraci\u00f3n de Inter\u00e9s Provincial por parte de la Legislatura, respecto a la participaci\u00f3n de la Provincia en los Juegos Nacionales.<\/p>\n\n\n\n<p>Por su parte, las salidas para las delegaciones del interior, estuvieron a cargo de los coordinadores locales seg\u00fan los horarios programados.<\/p>\n\n\n\n<p>En la ciudad balnearia, la delegaci\u00f3n se alojar\u00e1 en dos hoteles: Luz y Fuerza (calle Las Heras 2250) y Oscar Lescano (Avenida de los Trabajadores 3971).<\/p>\n\n\n\n<p>El Secretario de Deportes, Jorge Terrile, valor\u00f3 la fuerte impronta que articula la Provincia, y en especial, la firme decisi\u00f3n del Gobernador Gustavo Vald\u00e9s, para que Corrientes est\u00e9 presente en el evento deportivo nacional.<\/p>\n\n\n\n<p><strong>Juegos Nacionales<\/strong><\/p>\n\n\n\n<p>Los Juegos Nacionales cuentan con un programa deportivo que re\u00fane en esta edici\u00f3n a unas 63 disciplinas y un sistema de competencias compuesto por dos etapas: un proceso clasificatorio en cada provincia para juveniles, adultos y deportes adaptados. Y una fase final en Mar del Plata para juveniles y adaptados y en la provincia de San Luis, para adultos mayores.<\/p>\n\n\n\n<p>Los Juegos Nacionales constituyen un programa de fortalecimiento del deporte formativo y la educaci\u00f3n f\u00edsica de Argentina, pero tambi\u00e9n, una plataforma para la educaci\u00f3n de valores.<\/p>\n\n\n\n<p>El trabajo en equipo, el esfuerzo personal, el respeto por el otro, la solidaridad, la capacidad de superaci\u00f3n y el juego limpio se promueven en estos Juegos, con el fin de que cada participante pueda trasladarlos a su vida cotidiana.<\/p>\n\n\n\n<p>Adem\u00e1s representan una oportunidad para disfrutar de una experiencia de vida que contribuye a la integraci\u00f3n, la formaci\u00f3n y la participaci\u00f3n deportiva.<\/p>\n\n\n\n<figure class=\"wp-block-image size-large\"><img decoding=\"async\" loading=\"lazy\" width=\"1024\" height=\"683\" src=\"http:\/\/puntodereferencia.com.ar\/wp-content\/uploads\/2022\/10\/c0a223cb19caa12d5d7674e67c0c290b8d1005d3-1024x683.jpg\" alt=\"\" class=\"wp-image-11305\" srcset=\"https:\/\/puntodereferencia.com.ar\/wp-content\/uploads\/2022\/10\/c0a223cb19caa12d5d7674e67c0c290b8d1005d3-1024x683.jpg 1024w, https:\/\/puntodereferencia.com.ar\/wp-content\/uploads\/2022\/10\/c0a223cb19caa12d5d7674e67c0c290b8d1005d3-300x200.jpg 300w, https:\/\/puntodereferencia.com.ar\/wp-content\/uploads\/2022\/10\/c0a223cb19caa12d5d7674e67c0c290b8d1005d3-768x512.jpg 768w, https:\/\/puntodereferencia.com.ar\/wp-content\/uploads\/2022\/10\/c0a223cb19caa12d5d7674e67c0c290b8d1005d3-1536x1024.jpg 1536w, https:\/\/puntodereferencia.com.ar\/wp-content\/uploads\/2022\/10\/c0a223cb19caa12d5d7674e67c0c290b8d1005d3.jpg 1599w\" sizes=\"(max-width: 1024px) 100vw, 1024px\" \/><\/figure>\n\n\n\n<figure class=\"wp-block-image size-large\"><img decoding=\"async\" loading=\"lazy\" width=\"1024\" height=\"599\" src=\"http:\/\/puntodereferencia.com.ar\/wp-content\/uploads\/2022\/10\/f0590781eeb0e9b3edd717461be486f3c96b3136-1024x599.jpg\" alt=\"\" class=\"wp-image-11306\" srcset=\"https:\/\/puntodereferencia.com.ar\/wp-content\/uploads\/2022\/10\/f0590781eeb0e9b3edd717461be486f3c96b3136-1024x599.jpg 1024w, https:\/\/puntodereferencia.com.ar\/wp-content\/uploads\/2022\/10\/f0590781eeb0e9b3edd717461be486f3c96b3136-300x175.jpg 300w, https:\/\/puntodereferencia.com.ar\/wp-content\/uploads\/2022\/10\/f0590781eeb0e9b3edd717461be486f3c96b3136-768x449.jpg 768w, https:\/\/puntodereferencia.com.ar\/wp-content\/uploads\/2022\/10\/f0590781eeb0e9b3edd717461be486f3c96b3136.jpg 1533w\" sizes=\"(max-width: 1024px) 100vw, 1024px\" \/><\/figure>\n\n\n\n<figure class=\"wp-block-image size-large\"><img decoding=\"async\" loading=\"lazy\" width=\"1024\" height=\"632\" src=\"http:\/\/puntodereferencia.com.ar\/wp-content\/uploads\/2022\/10\/2fc36d9ac1e0d63b155d31afa00376efc966ab1f-1024x632.jpg\" alt=\"\" class=\"wp-image-11307\" srcset=\"https:\/\/puntodereferencia.com.ar\/wp-content\/uploads\/2022\/10\/2fc36d9ac1e0d63b155d31afa00376efc966ab1f-1024x632.jpg 1024w, https:\/\/puntodereferencia.com.ar\/wp-content\/uploads\/2022\/10\/2fc36d9ac1e0d63b155d31afa00376efc966ab1f-300x185.jpg 300w, https:\/\/puntodereferencia.com.ar\/wp-content\/uploads\/2022\/10\/2fc36d9ac1e0d63b155d31afa00376efc966ab1f-768x474.jpg 768w, https:\/\/puntodereferencia.com.ar\/wp-content\/uploads\/2022\/10\/2fc36d9ac1e0d63b155d31afa00376efc966ab1f-1536x947.jpg 1536w, https:\/\/puntodereferencia.com.ar\/wp-content\/uploads\/2022\/10\/2fc36d9ac1e0d63b155d31afa00376efc966ab1f.jpg 1597w\" sizes=\"(max-width: 1024px) 100vw, 1024px\" \/><\/figure>\n\n\n\n<figure class=\"wp-block-image size-large\"><img decoding=\"async\" loading=\"lazy\" width=\"1024\" height=\"683\" src=\"http:\/\/puntodereferencia.com.ar\/wp-content\/uploads\/2022\/10\/203f0f97578a6aa83f85341a7756d1e7a347d4e7-1024x683.jpg\" alt=\"\" class=\"wp-image-11308\" srcset=\"https:\/\/puntodereferencia.com.ar\/wp-content\/uploads\/2022\/10\/203f0f97578a6aa83f85341a7756d1e7a347d4e7-1024x683.jpg 1024w, https:\/\/puntodereferencia.com.ar\/wp-content\/uploads\/2022\/10\/203f0f97578a6aa83f85341a7756d1e7a347d4e7-300x200.jpg 300w, https:\/\/puntodereferencia.com.ar\/wp-content\/uploads\/2022\/10\/203f0f97578a6aa83f85341a7756d1e7a347d4e7-768x512.jpg 768w, https:\/\/puntodereferencia.com.ar\/wp-content\/uploads\/2022\/10\/203f0f97578a6aa83f85341a7756d1e7a347d4e7-1536x1024.jpg 1536w, https:\/\/puntodereferencia.com.ar\/wp-content\/uploads\/2022\/10\/203f0f97578a6aa83f85341a7756d1e7a347d4e7.jpg 1599w\" sizes=\"(max-width: 1024px) 100vw, 1024px\" \/><\/figure>\n\n\n\n<figure class=\"wp-block-image size-large\"><img decoding=\"async\" loading=\"lazy\" width=\"1024\" height=\"732\" src=\"http:\/\/puntodereferencia.com.ar\/wp-content\/uploads\/2022\/10\/afde3ee14cf7d7e78aba0b6116f829ec3a0c0c0f-1024x732.jpg\" alt=\"\" class=\"wp-image-11309\" srcset=\"https:\/\/puntodereferencia.com.ar\/wp-content\/uploads\/2022\/10\/afde3ee14cf7d7e78aba0b6116f829ec3a0c0c0f-1024x732.jpg 1024w, https:\/\/puntodereferencia.com.ar\/wp-content\/uploads\/2022\/10\/afde3ee14cf7d7e78aba0b6116f829ec3a0c0c0f-300x215.jpg 300w, https:\/\/puntodereferencia.com.ar\/wp-content\/uploads\/2022\/10\/afde3ee14cf7d7e78aba0b6116f829ec3a0c0c0f-768x549.jpg 768w, https:\/\/puntodereferencia.com.ar\/wp-content\/uploads\/2022\/10\/afde3ee14cf7d7e78aba0b6116f829ec3a0c0c0f.jpg 1204w\" sizes=\"(max-width: 1024px) 100vw, 1024px\" \/><\/figure>\n\n\n\n<figure class=\"wp-block-image size-large\"><img decoding=\"async\" loading=\"lazy\" width=\"1024\" height=\"655\" src=\"http:\/\/puntodereferencia.com.ar\/wp-content\/uploads\/2022\/10\/1946bf7e0059588ee8ccdc0f206111e18fc2a400-1024x655.jpg\" alt=\"\" class=\"wp-image-11310\" srcset=\"https:\/\/puntodereferencia.com.ar\/wp-content\/uploads\/2022\/10\/1946bf7e0059588ee8ccdc0f206111e18fc2a400-1024x655.jpg 1024w, https:\/\/puntodereferencia.com.ar\/wp-content\/uploads\/2022\/10\/1946bf7e0059588ee8ccdc0f206111e18fc2a400-300x192.jpg 300w, https:\/\/puntodereferencia.com.ar\/wp-content\/uploads\/2022\/10\/1946bf7e0059588ee8ccdc0f206111e18fc2a400-768x491.jpg 768w, https:\/\/puntodereferencia.com.ar\/wp-content\/uploads\/2022\/10\/1946bf7e0059588ee8ccdc0f206111e18fc2a400.jpg 1070w\" sizes=\"(max-width: 1024px) 100vw, 1024px\" \/><\/figure>\n\n\n\n<figure class=\"wp-block-image size-large\"><img decoding=\"async\" loading=\"lazy\" width=\"1024\" height=\"727\" src=\"http:\/\/puntodereferencia.com.ar\/wp-content\/uploads\/2022\/10\/d406ed1ea4bb5f920d4d09f88b5d71a816b15630-1024x727.jpg\" alt=\"\" class=\"wp-image-11311\" srcset=\"https:\/\/puntodereferencia.com.ar\/wp-content\/uploads\/2022\/10\/d406ed1ea4bb5f920d4d09f88b5d71a816b15630-1024x727.jpg 1024w, https:\/\/puntodereferencia.com.ar\/wp-content\/uploads\/2022\/10\/d406ed1ea4bb5f920d4d09f88b5d71a816b15630-300x213.jpg 300w, https:\/\/puntodereferencia.com.ar\/wp-content\/uploads\/2022\/10\/d406ed1ea4bb5f920d4d09f88b5d71a816b15630-768x546.jpg 768w, https:\/\/puntodereferencia.com.ar\/wp-content\/uploads\/2022\/10\/d406ed1ea4bb5f920d4d09f88b5d71a816b15630.jpg 1029w\" sizes=\"(max-width: 1024px) 100vw, 1024px\" \/><\/figure>\n\n\n\n<figure class=\"wp-block-image size-large\"><img decoding=\"async\" loading=\"lazy\" width=\"1024\" height=\"672\" src=\"http:\/\/puntodereferencia.com.ar\/wp-content\/uploads\/2022\/10\/27a2fb0239e135b0a930724a903feedac22769df-1024x672.jpg\" alt=\"\" class=\"wp-image-11312\" srcset=\"https:\/\/puntodereferencia.com.ar\/wp-content\/uploads\/2022\/10\/27a2fb0239e135b0a930724a903feedac22769df-1024x672.jpg 1024w, https:\/\/puntodereferencia.com.ar\/wp-content\/uploads\/2022\/10\/27a2fb0239e135b0a930724a903feedac22769df-300x197.jpg 300w, https:\/\/puntodereferencia.com.ar\/wp-content\/uploads\/2022\/10\/27a2fb0239e135b0a930724a903feedac22769df-768x504.jpg 768w, https:\/\/puntodereferencia.com.ar\/wp-content\/uploads\/2022\/10\/27a2fb0239e135b0a930724a903feedac22769df.jpg 1516w\" sizes=\"(max-width: 1024px) 100vw, 1024px\" \/><\/figure>\n","protected":false},"excerpt":{"rendered":"<p>Bajo la coordinaci\u00f3n de la Secretar\u00eda de Deportes, parti\u00f3 hoy rumbo a Mar del Plata, el contingente correntino que representar\u00e1<\/p>\n","protected":false},"author":3,"featured_media":11304,"comment_status":"open","ping_status":"open","sticky":false,"template":"","format":"standard","meta":[],"categories":[14,11,3,7],"tags":[],"yoast_head":"<!-- This site is optimized with the Yoast SEO plugin v17.2.1 - https:\/\/yoast.com\/wordpress\/plugins\/seo\/ -->\n<title>M\u00e1s de 900 correntinos partieron a los \u201cJuegos Nacionales\u201d en Mar del Plata - Punto de Referencia<\/title>\n<meta name=\"robots\" content=\"index, follow, max-snippet:-1, max-image-preview:large, max-video-preview:-1\" \/>\n<link rel=\"canonical\" href=\"https:\/\/puntodereferencia.com.ar\/index.php\/2022\/10\/23\/mas-de-900-correntinos-partieron-a-los-juegos-nacionales-en-mar-del-plata\/\" \/>\n<meta property=\"og:locale\" content=\"es_ES\" \/>\n<meta property=\"og:type\" content=\"article\" \/>\n<meta property=\"og:title\" content=\"M\u00e1s de 900 correntinos partieron a los \u201cJuegos Nacionales\u201d en Mar del Plata - Punto de Referencia\" \/>\n<meta property=\"og:description\" content=\"Bajo la coordinaci\u00f3n de la Secretar\u00eda de Deportes, parti\u00f3 hoy rumbo a Mar del Plata, el contingente correntino que representar\u00e1\" \/>\n<meta property=\"og:url\" content=\"https:\/\/puntodereferencia.com.ar\/index.php\/2022\/10\/23\/mas-de-900-correntinos-partieron-a-los-juegos-nacionales-en-mar-del-plata\/\" \/>\n<meta property=\"og:site_name\" content=\"Punto de Referencia\" \/>\n<meta property=\"article:published_time\" content=\"2022-10-23T20:11:14+00:00\" \/>\n<meta property=\"article:modified_time\" content=\"2022-10-23T20:11:16+00:00\" \/>\n<meta property=\"og:image\" content=\"http:\/\/puntodereferencia.com.ar\/wp-content\/uploads\/2022\/10\/4c8a2d3ff332b02166f7e9d4acd3c77031b5d0e0.jpg\" \/>\n\t<meta property=\"og:image:width\" content=\"1574\" \/>\n\t<meta property=\"og:image:height\" content=\"896\" \/>\n<meta name=\"twitter:card\" content=\"summary_large_image\" \/>\n<meta name=\"twitter:label1\" content=\"Escrito por\" \/>\n\t<meta name=\"twitter:data1\" content=\"Jesica Ibarra\" \/>\n\t<meta name=\"twitter:label2\" content=\"Tiempo de lectura\" \/>\n\t<meta name=\"twitter:data2\" content=\"4 minutos\" \/>\n<script type=\"application\/ld+json\" class=\"yoast-schema-graph\">{\"@context\":\"https:\/\/schema.org\",\"@graph\":[{\"@type\":\"WebSite\",\"@id\":\"https:\/\/puntodereferencia.com.ar\/#website\",\"url\":\"https:\/\/puntodereferencia.com.ar\/\",\"name\":\"Punto de Referencia\",\"description\":\"con Miguel Pelozo\",\"potentialAction\":[{\"@type\":\"SearchAction\",\"target\":{\"@type\":\"EntryPoint\",\"urlTemplate\":\"https:\/\/puntodereferencia.com.ar\/?s={search_term_string}\"},\"query-input\":\"required name=search_term_string\"}],\"inLanguage\":\"es\"},{\"@type\":\"ImageObject\",\"@id\":\"https:\/\/puntodereferencia.com.ar\/index.php\/2022\/10\/23\/mas-de-900-correntinos-partieron-a-los-juegos-nacionales-en-mar-del-plata\/#primaryimage\",\"inLanguage\":\"es\",\"url\":\"https:\/\/puntodereferencia.com.ar\/wp-content\/uploads\/2022\/10\/4c8a2d3ff332b02166f7e9d4acd3c77031b5d0e0.jpg\",\"contentUrl\":\"https:\/\/puntodereferencia.com.ar\/wp-content\/uploads\/2022\/10\/4c8a2d3ff332b02166f7e9d4acd3c77031b5d0e0.jpg\",\"width\":1574,\"height\":896},{\"@type\":\"WebPage\",\"@id\":\"https:\/\/puntodereferencia.com.ar\/index.php\/2022\/10\/23\/mas-de-900-correntinos-partieron-a-los-juegos-nacionales-en-mar-del-plata\/#webpage\",\"url\":\"https:\/\/puntodereferencia.com.ar\/index.php\/2022\/10\/23\/mas-de-900-correntinos-partieron-a-los-juegos-nacionales-en-mar-del-plata\/\",\"name\":\"M\\u00e1s de 900 correntinos partieron a los \\u201cJuegos Nacionales\\u201d en Mar del Plata - Punto de Referencia\",\"isPartOf\":{\"@id\":\"https:\/\/puntodereferencia.com.ar\/#website\"},\"primaryImageOfPage\":{\"@id\":\"https:\/\/puntodereferencia.com.ar\/index.php\/2022\/10\/23\/mas-de-900-correntinos-partieron-a-los-juegos-nacionales-en-mar-del-plata\/#primaryimage\"},\"datePublished\":\"2022-10-23T20:11:14+00:00\",\"dateModified\":\"2022-10-23T20:11:16+00:00\",\"author\":{\"@id\":\"https:\/\/puntodereferencia.com.ar\/#\/schema\/person\/20515f63cb838bea48da9f8f1b31672c\"},\"breadcrumb\":{\"@id\":\"https:\/\/puntodereferencia.com.ar\/index.php\/2022\/10\/23\/mas-de-900-correntinos-partieron-a-los-juegos-nacionales-en-mar-del-plata\/#breadcrumb\"},\"inLanguage\":\"es\",\"potentialAction\":[{\"@type\":\"ReadAction\",\"target\":[\"https:\/\/puntodereferencia.com.ar\/index.php\/2022\/10\/23\/mas-de-900-correntinos-partieron-a-los-juegos-nacionales-en-mar-del-plata\/\"]}]},{\"@type\":\"BreadcrumbList\",\"@id\":\"https:\/\/puntodereferencia.com.ar\/index.php\/2022\/10\/23\/mas-de-900-correntinos-partieron-a-los-juegos-nacionales-en-mar-del-plata\/#breadcrumb\",\"itemListElement\":[{\"@type\":\"ListItem\",\"position\":1,\"name\":\"Inicio\",\"item\":\"https:\/\/puntodereferencia.com.ar\/\"},{\"@type\":\"ListItem\",\"position\":2,\"name\":\"M\\u00e1s de 900 correntinos partieron a los \\u201cJuegos Nacionales\\u201d en Mar del Plata\"}]},{\"@type\":\"Person\",\"@id\":\"https:\/\/puntodereferencia.com.ar\/#\/schema\/person\/20515f63cb838bea48da9f8f1b31672c\",\"name\":\"Jesica Ibarra\",\"image\":{\"@type\":\"ImageObject\",\"@id\":\"https:\/\/puntodereferencia.com.ar\/#personlogo\",\"inLanguage\":\"es\",\"url\":\"https:\/\/secure.gravatar.com\/avatar\/16897d4269998dd535b4ce733bc9e85c?s=96&d=mm&r=g\",\"contentUrl\":\"https:\/\/secure.gravatar.com\/avatar\/16897d4269998dd535b4ce733bc9e85c?s=96&d=mm&r=g\",\"caption\":\"Jesica Ibarra\"},\"url\":\"https:\/\/puntodereferencia.com.ar\/index.php\/author\/jesica-ibarra\/\"}]}<\/script>\n<!-- \/ Yoast SEO plugin. -->","yoast_head_json":{"title":"M\u00e1s de 900 correntinos partieron a los \u201cJuegos Nacionales\u201d en Mar del Plata - Punto de Referencia","robots":{"index":"index","follow":"follow","max-snippet":"max-snippet:-1","max-image-preview":"max-image-preview:large","max-video-preview":"max-video-preview:-1"},"canonical":"https:\/\/puntodereferencia.com.ar\/index.php\/2022\/10\/23\/mas-de-900-correntinos-partieron-a-los-juegos-nacionales-en-mar-del-plata\/","og_locale":"es_ES","og_type":"article","og_title":"M\u00e1s de 900 correntinos partieron a los \u201cJuegos Nacionales\u201d en Mar del Plata - Punto de Referencia","og_description":"Bajo la coordinaci\u00f3n de la Secretar\u00eda de Deportes, parti\u00f3 hoy rumbo a Mar del Plata, el contingente correntino que representar\u00e1","og_url":"https:\/\/puntodereferencia.com.ar\/index.php\/2022\/10\/23\/mas-de-900-correntinos-partieron-a-los-juegos-nacionales-en-mar-del-plata\/","og_site_name":"Punto de Referencia","article_published_time":"2022-10-23T20:11:14+00:00","article_modified_time":"2022-10-23T20:11:16+00:00","og_image":[{"width":1574,"height":896,"url":"http:\/\/puntodereferencia.com.ar\/wp-content\/uploads\/2022\/10\/4c8a2d3ff332b02166f7e9d4acd3c77031b5d0e0.jpg","path":"\/home\/u322846391\/domains\/puntodereferencia.com.ar\/public_html\/wp-content\/uploads\/2022\/10\/4c8a2d3ff332b02166f7e9d4acd3c77031b5d0e0.jpg","size":"full","id":11304,"alt":"","pixels":1410304,"type":"image\/jpeg"}],"twitter_card":"summary_large_image","twitter_misc":{"Escrito por":"Jesica Ibarra","Tiempo de lectura":"4 minutos"},"schema":{"@context":"https:\/\/schema.org","@graph":[{"@type":"WebSite","@id":"https:\/\/puntodereferencia.com.ar\/#website","url":"https:\/\/puntodereferencia.com.ar\/","name":"Punto de Referencia","description":"con Miguel Pelozo","potentialAction":[{"@type":"SearchAction","target":{"@type":"EntryPoint","urlTemplate":"https:\/\/puntodereferencia.com.ar\/?s={search_term_string}"},"query-input":"required name=search_term_string"}],"inLanguage":"es"},{"@type":"ImageObject","@id":"https:\/\/puntodereferencia.com.ar\/index.php\/2022\/10\/23\/mas-de-900-correntinos-partieron-a-los-juegos-nacionales-en-mar-del-plata\/#primaryimage","inLanguage":"es","url":"https:\/\/puntodereferencia.com.ar\/wp-content\/uploads\/2022\/10\/4c8a2d3ff332b02166f7e9d4acd3c77031b5d0e0.jpg","contentUrl":"https:\/\/puntodereferencia.com.ar\/wp-content\/uploads\/2022\/10\/4c8a2d3ff332b02166f7e9d4acd3c77031b5d0e0.jpg","width":1574,"height":896},{"@type":"WebPage","@id":"https:\/\/puntodereferencia.com.ar\/index.php\/2022\/10\/23\/mas-de-900-correntinos-partieron-a-los-juegos-nacionales-en-mar-del-plata\/#webpage","url":"https:\/\/puntodereferencia.com.ar\/index.php\/2022\/10\/23\/mas-de-900-correntinos-partieron-a-los-juegos-nacionales-en-mar-del-plata\/","name":"M\u00e1s de 900 correntinos partieron a los \u201cJuegos Nacionales\u201d en Mar del Plata - Punto de Referencia","isPartOf":{"@id":"https:\/\/puntodereferencia.com.ar\/#website"},"primaryImageOfPage":{"@id":"https:\/\/puntodereferencia.com.ar\/index.php\/2022\/10\/23\/mas-de-900-correntinos-partieron-a-los-juegos-nacionales-en-mar-del-plata\/#primaryimage"},"datePublished":"2022-10-23T20:11:14+00:00","dateModified":"2022-10-23T20:11:16+00:00","author":{"@id":"https:\/\/puntodereferencia.com.ar\/#\/schema\/person\/20515f63cb838bea48da9f8f1b31672c"},"breadcrumb":{"@id":"https:\/\/puntodereferencia.com.ar\/index.php\/2022\/10\/23\/mas-de-900-correntinos-partieron-a-los-juegos-nacionales-en-mar-del-plata\/#breadcrumb"},"inLanguage":"es","potentialAction":[{"@type":"ReadAction","target":["https:\/\/puntodereferencia.com.ar\/index.php\/2022\/10\/23\/mas-de-900-correntinos-partieron-a-los-juegos-nacionales-en-mar-del-plata\/"]}]},{"@type":"BreadcrumbList","@id":"https:\/\/puntodereferencia.com.ar\/index.php\/2022\/10\/23\/mas-de-900-correntinos-partieron-a-los-juegos-nacionales-en-mar-del-plata\/#breadcrumb","itemListElement":[{"@type":"ListItem","position":1,"name":"Inicio","item":"https:\/\/puntodereferencia.com.ar\/"},{"@type":"ListItem","position":2,"name":"M\u00e1s de 900 correntinos partieron a los \u201cJuegos Nacionales\u201d en Mar del Plata"}]},{"@type":"Person","@id":"https:\/\/puntodereferencia.com.ar\/#\/schema\/person\/20515f63cb838bea48da9f8f1b31672c","name":"Jesica Ibarra","image":{"@type":"ImageObject","@id":"https:\/\/puntodereferencia.com.ar\/#personlogo","inLanguage":"es","url":"https:\/\/secure.gravatar.com\/avatar\/16897d4269998dd535b4ce733bc9e85c?s=96&d=mm&r=g","contentUrl":"https:\/\/secure.gravatar.com\/avatar\/16897d4269998dd535b4ce733bc9e85c?s=96&d=mm&r=g","caption":"Jesica Ibarra"},"url":"https:\/\/puntodereferencia.com.ar\/index.php\/author\/jesica-ibarra\/"}]}},"_links":{"self":[{"href":"https:\/\/puntodereferencia.com.ar\/index.php\/wp-json\/wp\/v2\/posts\/11303"}],"collection":[{"href":"https:\/\/puntodereferencia.com.ar\/index.php\/wp-json\/wp\/v2\/posts"}],"about":[{"href":"https:\/\/puntodereferencia.com.ar\/index.php\/wp-json\/wp\/v2\/types\/post"}],"author":[{"embeddable":true,"href":"https:\/\/puntodereferencia.com.ar\/index.php\/wp-json\/wp\/v2\/users\/3"}],"replies":[{"embeddable":true,"href":"https:\/\/puntodereferencia.com.ar\/index.php\/wp-json\/wp\/v2\/comments?post=11303"}],"version-history":[{"count":1,"href":"https:\/\/puntodereferencia.com.ar\/index.php\/wp-json\/wp\/v2\/posts\/11303\/revisions"}],"predecessor-version":[{"id":11313,"href":"https:\/\/puntodereferencia.com.ar\/index.php\/wp-json\/wp\/v2\/posts\/11303\/revisions\/11313"}],"wp:featuredmedia":[{"embeddable":true,"href":"https:\/\/puntodereferencia.com.ar\/index.php\/wp-json\/wp\/v2\/media\/11304"}],"wp:attachment":[{"href":"https:\/\/puntodereferencia.com.ar\/index.php\/wp-json\/wp\/v2\/media?parent=11303"}],"wp:term":[{"taxonomy":"category","embeddable":true,"href":"https:\/\/puntodereferencia.com.ar\/index.php\/wp-json\/wp\/v2\/categories?post=11303"},{"taxonomy":"post_tag","embeddable":true,"href":"https:\/\/puntodereferencia.com.ar\/index.php\/wp-json\/wp\/v2\/tags?post=11303"}],"curies":[{"name":"wp","href":"https:\/\/api.w.org\/{rel}","templated":true}]}}