{"id":11327,"date":"2022-10-20T17:25:00","date_gmt":"2022-10-20T20:25:00","guid":{"rendered":"http:\/\/puntodereferencia.com.ar\/?p=11327"},"modified":"2022-10-23T17:27:07","modified_gmt":"2022-10-23T20:27:07","slug":"asciende-el-rio-parana-y-el-rio-uruguay-en-aguas-medias","status":"publish","type":"post","link":"https:\/\/puntodereferencia.com.ar\/index.php\/2022\/10\/20\/asciende-el-rio-parana-y-el-rio-uruguay-en-aguas-medias\/","title":{"rendered":"Asciende el r\u00edo Paran\u00e1 y el r\u00edo Uruguay en aguas medias"},"content":{"rendered":"\n<p>El r\u00edo Paran\u00e1 en territorio argentino presenta tendencia sostenida al ascenso, mientras que el r\u00edo Uruguay se presenta en din\u00e1mica propia de aguas medias, se\u00f1ala el&nbsp;informe de esta semana del Instituto Nacional del Agua (INA) publicado por el Instituto Correntino del Agua y del Ambiente (ICAA) en su sitio web&nbsp;<a href=\"https:\/\/4ue34.r.ag.d.sendibm3.com\/mk\/cl\/f\/xZ7pB9yxkrWWeFCYsDjo9UflaNadqnM-CCJjy1rcIVakOey6n_jmVTkOawGafuWrW3MO3yv7g3PbGWpqGueLFsgZzCGRboFW2iOGoByTxHawvONGDMql-uyij9LotzySHalfwBmjHDf3fW34WHSu7Awh1rRqA6cqbogkTjDsCk37UPzmYfPEcuhaxlVl5AuRS6nhHX7QnGByt8rFqZ_JXSzrJZjb_0Cf8okBCl_UE8ELTbfg7hAxrana8KnZDrdtbaDdliNMdChF9Nw0rARi9G6EHskaPIi_3C3rvITkLdtL5uqJ61UueW_JktB-3PNXc07xYfUZ391-qHmP33p1yc1tI-szBX4zCnSPxog0zvhszhE\" target=\"_blank\" rel=\"noreferrer noopener\">www.icaa.gov.ar<\/a><\/p>\n\n\n\n<p>Sobre el \u00e1rea de aporte al tramo Yacyret\u00e1-Corrientes, las lluvias ocurridas fueron de leves a poco significativas. Seg\u00fan la previsi\u00f3n meteorol\u00f3gica utilizada, para los pr\u00f3ximos 7 d\u00edas se espera contar con eventos precipitantes moderados, con alguna probabilidad de generar acumulados abundantes, sobre el \u00e1rea de aporte al tramo paraguayo-misionero del r\u00edo Paran\u00e1.<\/p>\n\n\n\n<p>El embalse presenta niveles operativos normales, por lo tanto, el derrame hacia el tramo argentino del R\u00edo Paran\u00e1 se encuentra sujeto al caudal de entrada al embalse y al patr\u00f3n de precipitaciones sobre el \u00e1rea inmediata al mismo, con lo cual, de darse las precipitaciones pronosticadas en el tramo se espera un aumento significativo de corto plazo en el transcurso de la pr\u00f3xima semana con posterior disminuci\u00f3n a medida que se disipen las precipitaciones.<\/p>\n\n\n\n<p>El r\u00edo Paran\u00e1 en territorio argentino presenta tendencia sostenida al ascenso. Para la semana pr\u00f3xima, seg\u00fan la previsi\u00f3n meteorol\u00f3gica considerada, se espera la ocurrencia de lluvias leves, con alguna probabilidad de generar acumulados de precipitaci\u00f3n moderados, sobre el \u00e1rea de aporte a los r\u00edos afluentes al r\u00edo Paran\u00e1, y a sectores del tramo Corrientes-Rosario.<\/p>\n\n\n\n<p>En la secci\u00f3n superior del tramo (Corrientes &#8211; La Paz) el nivel se mantuvo con oscilaciones normales en ascenso durante toda la semana con niveles dentro del rango propio de aguas medias. En Corrientes\/Barranqueras, continuar\u00e1 en aumento respondiendo principalmente al aumento en la descarga desde Yacyret\u00e1, posteriormente se prev\u00e9 que comience a disminuir. Por otra parte, en Goya se espera que contin\u00fae en gradual aumento durante la pr\u00f3xima semana.<\/p>\n\n\n\n<p>Asimismo, las medias semanales se encuentran aproximadamente 0,45 metros por encima del promedio de octubre de los \u00faltimos 25 a\u00f1os en Corrientes y Barranqueras y 0,10 metros inferior al mismo en Goya. La futura evoluci\u00f3n hidrom\u00e9trica depender\u00e1 fuertemente de la evoluci\u00f3n de las lluvias en la cuenca de aporte de respuesta m\u00e1s r\u00e1pida (cuenca del r\u00edo Iguaz\u00fa, cuenca pr\u00f3xima al embalse de Itaip\u00fa y cuenca de aporte al tramo misionero-paraguayo). Se espera que contin\u00fae aumentando durante las pr\u00f3ximas semanas, en coincidencia con la estacionalidad t\u00edpica del sistema.<\/p>\n\n\n\n<p>El r\u00edo Uruguay se presenta en din\u00e1mica propia de aguas medias. En Santo Tom\u00e9 tanto como en Paso de los Libres el tr\u00e1nsito de la onda registr\u00f3 el pico el d\u00eda 15 de octubre con niveles por debajo de los niveles de alerta establecidos, con oscilaciones poco significativas, en rango propio de aguas altas. El repunte se atenu\u00f3 r\u00e1pidamente debido a que no se produjeron variaciones significativas sobre el aporte en ruta al tramo (escaso) y en funci\u00f3n de la condici\u00f3n de almacenamiento antecedente en el tramo. Si bien actualmente se observa en fase de descenso, de acuerdo a las precipitaciones pronosticadas es probable que se estabilice en niveles dentro del rango propio de aguas medias con aumento de caudal base.<\/p>\n","protected":false},"excerpt":{"rendered":"<p>El r\u00edo Paran\u00e1 en territorio argentino presenta tendencia sostenida al ascenso, mientras que el r\u00edo Uruguay se presenta en din\u00e1mica<\/p>\n","protected":false},"author":3,"featured_media":11328,"comment_status":"open","ping_status":"open","sticky":false,"template":"","format":"standard","meta":{"colormag_page_container_layout":"default_layout","colormag_page_sidebar_layout":"default_layout","footnotes":""},"categories":[16,7,5],"tags":[],"class_list":["post-11327","post","type-post","status-publish","format-standard","has-post-thumbnail","hentry","category-emergencias-ambientales","category-provincia","category-sociedad"],"yoast_head":"<!-- This site is optimized with the Yoast SEO plugin v17.2.1 - https:\/\/yoast.com\/wordpress\/plugins\/seo\/ -->\n<title>Asciende el r\u00edo Paran\u00e1 y el r\u00edo Uruguay en aguas medias - Punto de Referencia<\/title>\n<meta name=\"robots\" content=\"index, follow, max-snippet:-1, max-image-preview:large, max-video-preview:-1\" \/>\n<link rel=\"canonical\" href=\"https:\/\/puntodereferencia.com.ar\/index.php\/2022\/10\/20\/asciende-el-rio-parana-y-el-rio-uruguay-en-aguas-medias\/\" \/>\n<meta property=\"og:locale\" content=\"es_ES\" \/>\n<meta property=\"og:type\" content=\"article\" \/>\n<meta property=\"og:title\" content=\"Asciende el r\u00edo Paran\u00e1 y el r\u00edo Uruguay en aguas medias - Punto de Referencia\" \/>\n<meta property=\"og:description\" content=\"El r\u00edo Paran\u00e1 en territorio argentino presenta tendencia sostenida al ascenso, mientras que el r\u00edo Uruguay se presenta en din\u00e1mica\" \/>\n<meta property=\"og:url\" content=\"https:\/\/puntodereferencia.com.ar\/index.php\/2022\/10\/20\/asciende-el-rio-parana-y-el-rio-uruguay-en-aguas-medias\/\" \/>\n<meta property=\"og:site_name\" content=\"Punto de Referencia\" \/>\n<meta property=\"article:published_time\" content=\"2022-10-20T20:25:00+00:00\" \/>\n<meta property=\"article:modified_time\" content=\"2022-10-23T20:27:07+00:00\" \/>\n<meta property=\"og:image\" content=\"http:\/\/puntodereferencia.com.ar\/wp-content\/uploads\/2022\/10\/b5e2685d51bd653aa8a972f4d7b4bd2b14bd11f5.png\" \/>\n\t<meta property=\"og:image:width\" content=\"380\" \/>\n\t<meta property=\"og:image:height\" content=\"275\" \/>\n<meta name=\"twitter:card\" content=\"summary_large_image\" \/>\n<meta name=\"twitter:label1\" content=\"Escrito por\" \/>\n\t<meta name=\"twitter:data1\" content=\"Jesica Ibarra\" \/>\n\t<meta name=\"twitter:label2\" content=\"Tiempo de lectura\" \/>\n\t<meta name=\"twitter:data2\" content=\"3 minutos\" \/>\n<script type=\"application\/ld+json\" class=\"yoast-schema-graph\">{\"@context\":\"https:\/\/schema.org\",\"@graph\":[{\"@type\":\"WebSite\",\"@id\":\"https:\/\/puntodereferencia.com.ar\/#website\",\"url\":\"https:\/\/puntodereferencia.com.ar\/\",\"name\":\"Punto de Referencia\",\"description\":\"con Miguel Pelozo\",\"potentialAction\":[{\"@type\":\"SearchAction\",\"target\":{\"@type\":\"EntryPoint\",\"urlTemplate\":\"https:\/\/puntodereferencia.com.ar\/?s={search_term_string}\"},\"query-input\":\"required name=search_term_string\"}],\"inLanguage\":\"es\"},{\"@type\":\"ImageObject\",\"@id\":\"https:\/\/puntodereferencia.com.ar\/index.php\/2022\/10\/20\/asciende-el-rio-parana-y-el-rio-uruguay-en-aguas-medias\/#primaryimage\",\"inLanguage\":\"es\",\"url\":\"https:\/\/puntodereferencia.com.ar\/wp-content\/uploads\/2022\/10\/b5e2685d51bd653aa8a972f4d7b4bd2b14bd11f5.png\",\"contentUrl\":\"https:\/\/puntodereferencia.com.ar\/wp-content\/uploads\/2022\/10\/b5e2685d51bd653aa8a972f4d7b4bd2b14bd11f5.png\",\"width\":380,\"height\":275},{\"@type\":\"WebPage\",\"@id\":\"https:\/\/puntodereferencia.com.ar\/index.php\/2022\/10\/20\/asciende-el-rio-parana-y-el-rio-uruguay-en-aguas-medias\/#webpage\",\"url\":\"https:\/\/puntodereferencia.com.ar\/index.php\/2022\/10\/20\/asciende-el-rio-parana-y-el-rio-uruguay-en-aguas-medias\/\",\"name\":\"Asciende el r\\u00edo Paran\\u00e1 y el r\\u00edo Uruguay en aguas medias - Punto de Referencia\",\"isPartOf\":{\"@id\":\"https:\/\/puntodereferencia.com.ar\/#website\"},\"primaryImageOfPage\":{\"@id\":\"https:\/\/puntodereferencia.com.ar\/index.php\/2022\/10\/20\/asciende-el-rio-parana-y-el-rio-uruguay-en-aguas-medias\/#primaryimage\"},\"datePublished\":\"2022-10-20T20:25:00+00:00\",\"dateModified\":\"2022-10-23T20:27:07+00:00\",\"author\":{\"@id\":\"https:\/\/puntodereferencia.com.ar\/#\/schema\/person\/20515f63cb838bea48da9f8f1b31672c\"},\"breadcrumb\":{\"@id\":\"https:\/\/puntodereferencia.com.ar\/index.php\/2022\/10\/20\/asciende-el-rio-parana-y-el-rio-uruguay-en-aguas-medias\/#breadcrumb\"},\"inLanguage\":\"es\",\"potentialAction\":[{\"@type\":\"ReadAction\",\"target\":[\"https:\/\/puntodereferencia.com.ar\/index.php\/2022\/10\/20\/asciende-el-rio-parana-y-el-rio-uruguay-en-aguas-medias\/\"]}]},{\"@type\":\"BreadcrumbList\",\"@id\":\"https:\/\/puntodereferencia.com.ar\/index.php\/2022\/10\/20\/asciende-el-rio-parana-y-el-rio-uruguay-en-aguas-medias\/#breadcrumb\",\"itemListElement\":[{\"@type\":\"ListItem\",\"position\":1,\"name\":\"Inicio\",\"item\":\"https:\/\/puntodereferencia.com.ar\/\"},{\"@type\":\"ListItem\",\"position\":2,\"name\":\"Asciende el r\\u00edo Paran\\u00e1 y el r\\u00edo Uruguay en aguas medias\"}]},{\"@type\":\"Person\",\"@id\":\"https:\/\/puntodereferencia.com.ar\/#\/schema\/person\/20515f63cb838bea48da9f8f1b31672c\",\"name\":\"Jesica Ibarra\",\"image\":{\"@type\":\"ImageObject\",\"@id\":\"https:\/\/puntodereferencia.com.ar\/#personlogo\",\"inLanguage\":\"es\",\"url\":\"https:\/\/secure.gravatar.com\/avatar\/51981cafa261fc2180a1b6eb2d0d46ed1028dc6610d8e6b2a32935dbb9be7e09?s=96&d=mm&r=g\",\"contentUrl\":\"https:\/\/secure.gravatar.com\/avatar\/51981cafa261fc2180a1b6eb2d0d46ed1028dc6610d8e6b2a32935dbb9be7e09?s=96&d=mm&r=g\",\"caption\":\"Jesica Ibarra\"},\"url\":\"https:\/\/puntodereferencia.com.ar\/index.php\/author\/jesica-ibarra\/\"}]}<\/script>\n<!-- \/ Yoast SEO plugin. -->","yoast_head_json":{"title":"Asciende el r\u00edo Paran\u00e1 y el r\u00edo Uruguay en aguas medias - Punto de Referencia","robots":{"index":"index","follow":"follow","max-snippet":"max-snippet:-1","max-image-preview":"max-image-preview:large","max-video-preview":"max-video-preview:-1"},"canonical":"https:\/\/puntodereferencia.com.ar\/index.php\/2022\/10\/20\/asciende-el-rio-parana-y-el-rio-uruguay-en-aguas-medias\/","og_locale":"es_ES","og_type":"article","og_title":"Asciende el r\u00edo Paran\u00e1 y el r\u00edo Uruguay en aguas medias - Punto de Referencia","og_description":"El r\u00edo Paran\u00e1 en territorio argentino presenta tendencia sostenida al ascenso, mientras que el r\u00edo Uruguay se presenta en din\u00e1mica","og_url":"https:\/\/puntodereferencia.com.ar\/index.php\/2022\/10\/20\/asciende-el-rio-parana-y-el-rio-uruguay-en-aguas-medias\/","og_site_name":"Punto de Referencia","article_published_time":"2022-10-20T20:25:00+00:00","article_modified_time":"2022-10-23T20:27:07+00:00","og_image":[{"width":380,"height":275,"url":"http:\/\/puntodereferencia.com.ar\/wp-content\/uploads\/2022\/10\/b5e2685d51bd653aa8a972f4d7b4bd2b14bd11f5.png","path":"\/home\/u322846391\/domains\/puntodereferencia.com.ar\/public_html\/wp-content\/uploads\/2022\/10\/b5e2685d51bd653aa8a972f4d7b4bd2b14bd11f5.png","size":"full","id":11328,"alt":"","pixels":104500,"type":"image\/png"}],"twitter_card":"summary_large_image","twitter_misc":{"Escrito por":"Jesica Ibarra","Tiempo de lectura":"3 minutos"},"schema":{"@context":"https:\/\/schema.org","@graph":[{"@type":"WebSite","@id":"https:\/\/puntodereferencia.com.ar\/#website","url":"https:\/\/puntodereferencia.com.ar\/","name":"Punto de Referencia","description":"con Miguel Pelozo","potentialAction":[{"@type":"SearchAction","target":{"@type":"EntryPoint","urlTemplate":"https:\/\/puntodereferencia.com.ar\/?s={search_term_string}"},"query-input":"required name=search_term_string"}],"inLanguage":"es"},{"@type":"ImageObject","@id":"https:\/\/puntodereferencia.com.ar\/index.php\/2022\/10\/20\/asciende-el-rio-parana-y-el-rio-uruguay-en-aguas-medias\/#primaryimage","inLanguage":"es","url":"https:\/\/puntodereferencia.com.ar\/wp-content\/uploads\/2022\/10\/b5e2685d51bd653aa8a972f4d7b4bd2b14bd11f5.png","contentUrl":"https:\/\/puntodereferencia.com.ar\/wp-content\/uploads\/2022\/10\/b5e2685d51bd653aa8a972f4d7b4bd2b14bd11f5.png","width":380,"height":275},{"@type":"WebPage","@id":"https:\/\/puntodereferencia.com.ar\/index.php\/2022\/10\/20\/asciende-el-rio-parana-y-el-rio-uruguay-en-aguas-medias\/#webpage","url":"https:\/\/puntodereferencia.com.ar\/index.php\/2022\/10\/20\/asciende-el-rio-parana-y-el-rio-uruguay-en-aguas-medias\/","name":"Asciende el r\u00edo Paran\u00e1 y el r\u00edo Uruguay en aguas medias - Punto de Referencia","isPartOf":{"@id":"https:\/\/puntodereferencia.com.ar\/#website"},"primaryImageOfPage":{"@id":"https:\/\/puntodereferencia.com.ar\/index.php\/2022\/10\/20\/asciende-el-rio-parana-y-el-rio-uruguay-en-aguas-medias\/#primaryimage"},"datePublished":"2022-10-20T20:25:00+00:00","dateModified":"2022-10-23T20:27:07+00:00","author":{"@id":"https:\/\/puntodereferencia.com.ar\/#\/schema\/person\/20515f63cb838bea48da9f8f1b31672c"},"breadcrumb":{"@id":"https:\/\/puntodereferencia.com.ar\/index.php\/2022\/10\/20\/asciende-el-rio-parana-y-el-rio-uruguay-en-aguas-medias\/#breadcrumb"},"inLanguage":"es","potentialAction":[{"@type":"ReadAction","target":["https:\/\/puntodereferencia.com.ar\/index.php\/2022\/10\/20\/asciende-el-rio-parana-y-el-rio-uruguay-en-aguas-medias\/"]}]},{"@type":"BreadcrumbList","@id":"https:\/\/puntodereferencia.com.ar\/index.php\/2022\/10\/20\/asciende-el-rio-parana-y-el-rio-uruguay-en-aguas-medias\/#breadcrumb","itemListElement":[{"@type":"ListItem","position":1,"name":"Inicio","item":"https:\/\/puntodereferencia.com.ar\/"},{"@type":"ListItem","position":2,"name":"Asciende el r\u00edo Paran\u00e1 y el r\u00edo Uruguay en aguas medias"}]},{"@type":"Person","@id":"https:\/\/puntodereferencia.com.ar\/#\/schema\/person\/20515f63cb838bea48da9f8f1b31672c","name":"Jesica Ibarra","image":{"@type":"ImageObject","@id":"https:\/\/puntodereferencia.com.ar\/#personlogo","inLanguage":"es","url":"https:\/\/secure.gravatar.com\/avatar\/51981cafa261fc2180a1b6eb2d0d46ed1028dc6610d8e6b2a32935dbb9be7e09?s=96&d=mm&r=g","contentUrl":"https:\/\/secure.gravatar.com\/avatar\/51981cafa261fc2180a1b6eb2d0d46ed1028dc6610d8e6b2a32935dbb9be7e09?s=96&d=mm&r=g","caption":"Jesica Ibarra"},"url":"https:\/\/puntodereferencia.com.ar\/index.php\/author\/jesica-ibarra\/"}]}},"_links":{"self":[{"href":"https:\/\/puntodereferencia.com.ar\/index.php\/wp-json\/wp\/v2\/posts\/11327","targetHints":{"allow":["GET"]}}],"collection":[{"href":"https:\/\/puntodereferencia.com.ar\/index.php\/wp-json\/wp\/v2\/posts"}],"about":[{"href":"https:\/\/puntodereferencia.com.ar\/index.php\/wp-json\/wp\/v2\/types\/post"}],"author":[{"embeddable":true,"href":"https:\/\/puntodereferencia.com.ar\/index.php\/wp-json\/wp\/v2\/users\/3"}],"replies":[{"embeddable":true,"href":"https:\/\/puntodereferencia.com.ar\/index.php\/wp-json\/wp\/v2\/comments?post=11327"}],"version-history":[{"count":1,"href":"https:\/\/puntodereferencia.com.ar\/index.php\/wp-json\/wp\/v2\/posts\/11327\/revisions"}],"predecessor-version":[{"id":11329,"href":"https:\/\/puntodereferencia.com.ar\/index.php\/wp-json\/wp\/v2\/posts\/11327\/revisions\/11329"}],"wp:featuredmedia":[{"embeddable":true,"href":"https:\/\/puntodereferencia.com.ar\/index.php\/wp-json\/wp\/v2\/media\/11328"}],"wp:attachment":[{"href":"https:\/\/puntodereferencia.com.ar\/index.php\/wp-json\/wp\/v2\/media?parent=11327"}],"wp:term":[{"taxonomy":"category","embeddable":true,"href":"https:\/\/puntodereferencia.com.ar\/index.php\/wp-json\/wp\/v2\/categories?post=11327"},{"taxonomy":"post_tag","embeddable":true,"href":"https:\/\/puntodereferencia.com.ar\/index.php\/wp-json\/wp\/v2\/tags?post=11327"}],"curies":[{"name":"wp","href":"https:\/\/api.w.org\/{rel}","templated":true}]}}