{"id":11566,"date":"2022-12-19T16:45:00","date_gmt":"2022-12-19T19:45:00","guid":{"rendered":"http:\/\/puntodereferencia.com.ar\/?p=11566"},"modified":"2022-12-25T17:04:22","modified_gmt":"2022-12-25T20:04:22","slug":"se-abre-el-periodo-de-acreditaciones-para-la-32a-fiesta-nacional-del-chamame","status":"publish","type":"post","link":"https:\/\/puntodereferencia.com.ar\/index.php\/2022\/12\/19\/se-abre-el-periodo-de-acreditaciones-para-la-32a-fiesta-nacional-del-chamame\/","title":{"rendered":"Se abre el periodo de acreditaciones para la 32\u00aa Fiesta Nacional del Chamam\u00e9"},"content":{"rendered":"\n<p>El Instituto de Cultura de Corrientes abre el periodo de acreditaci\u00f3n para los medios de comunicaci\u00f3n interesados en realizar la cobertura de la 32\u00aa Fiesta Nacional del Chamam\u00e9, 18\u00aa Fiesta del Chamam\u00e9 del MERCOSUR y 2\u00aa Celebraci\u00f3n Mundial, a desarrollarse del 13 al 22 de enero del 2023 en el anfiteatro Mario del Tr\u00e1nsito Cocomarola. Tendr\u00e1n tiempo de remitir la solicitud, sin excepci\u00f3n, hasta el mi\u00e9rcoles 4 de enero.<\/p>\n\n\n\n<p>Con el asunto \u201cAcreditaciones-CHAMAME PARA UN MUNDO NUEVO\u201d, deber\u00e1n enviar una nota membretada del medio (archivo de Word en adjunto), al correo:<\/p>\n\n\n\n<p><a href=\"mailto:acreditaciones.cultura@gmail.com\" target=\"_blank\" rel=\"noreferrer noopener\">acreditaciones.cultura@gmail.com<\/a><\/p>\n\n\n\n<p>En la nota deben precisar lo siguiente: tipo de cobertura a realizar (notas, m\u00f3viles, transmisi\u00f3n en vivo), datos de las personas a acreditar (nombre, DNI y funci\u00f3n), una foto de cada uno formato JPG \u2013que se utilizar\u00e1 en el caso de as\u00ed resolverlo-, y la correspondiente firma del due\u00f1o o responsable. En el caso de no cumplir con estos requisitos b\u00e1sicos, los pedidos no ser\u00e1n considerados.<\/p>\n\n\n\n<p>En esta oportunidad, se acreditar\u00e1 a 2 trabajadores de prensa en el caso de medio gr\u00e1fico (m\u00e1s 2 de la redacci\u00f3n web), 3 por radio -no por programa- (exceptuando transmisi\u00f3n en vivo), 3 por canal de televisi\u00f3n \u2013no por programa- (exceptuando transmisi\u00f3n en vivo), 1 por medio digital (siempre y cuando adjunten links de material que hayan dado a difusi\u00f3n sobre la \u00faltima edici\u00f3n de la Fiesta Nacional del Chamam\u00e9, y la edici\u00f3n que viene).<\/p>\n\n\n\n<p>El cupo es limitado, por tal motivo, la recepci\u00f3n de los pedidos no representa garant\u00eda de obtener las acreditaciones. Solicitamos respetar la cantidad establecida: la fecha l\u00edmite para enviar el pedido es, sin excepci\u00f3n, el mi\u00e9rcoles 4 de enero y se responder\u00e1 v\u00eda correo electr\u00f3nico (\u00fanicamente) los d\u00edas y horarios en los que se deber\u00e1n retirar las correspondientes acreditaciones.<\/p>\n\n\n\n<p><strong>Transmisi\u00f3n en vivo<\/strong><\/p>\n\n\n\n<p>La gesti\u00f3n para llevar adelante transmisiones en vivo se realizar\u00e1 personalmente (salvo medios de otras provincias o nacionales, que lo har\u00e1n por correo) en el Instituto de Cultura de Corrientes, ubicado en calle San Juan 546.<\/p>\n\n\n\n<p>Deber\u00e1n presentar una nota de pedido con las necesidades t\u00e9cnicas y de espacio dirigida al director general de la Fiesta Nacional del Chamam\u00e9, Eduardo S\u00edvori, y otra al Departamento de Prensa y Difusi\u00f3n. Y enviar tambi\u00e9n la nota membretada con el listado de periodistas al correo:&nbsp;<a href=\"mailto:acreditaciones.cultura@gmail.com\" target=\"_blank\" rel=\"noreferrer noopener\">acreditaciones.cultura@gmail.com<\/a><\/p>\n\n\n\n<p><strong>Carpa de prensa<\/strong><\/p>\n\n\n\n<p><\/p>\n\n\n\n<p>Como viene ocurriendo en las \u00faltimas ediciones de la Fiesta Nacional del Chamam\u00e9, detr\u00e1s del escenario se montar\u00e1 una carpa destinada exclusivamente para el trabajo de los periodistas. All\u00ed tendr\u00e1n lugar las conferencias de prensa de los principales artistas de cada noche que compartir\u00e1n con los medios las expectativas antes de subir al escenario o su experiencia con el p\u00fablico, posterior a la presentaci\u00f3n.<\/p>\n\n\n\n<p>Tambi\u00e9n se aprovechar\u00e1 este espacio para informar sobre las actividades que forman parte de la Fiesta, y que se desarrollar\u00e1n durante el d\u00eda en distintos escenarios durante las 10 jornadas de la celebraci\u00f3n.<\/p>\n\n\n\n<figure class=\"wp-block-image size-large\"><img decoding=\"async\" loading=\"lazy\" width=\"1024\" height=\"577\" src=\"http:\/\/puntodereferencia.com.ar\/wp-content\/uploads\/2022\/12\/a2ea1a87725efd89c7769b47a974a32c150b71f9-1024x577.jpg\" alt=\"\" class=\"wp-image-11568\" srcset=\"https:\/\/puntodereferencia.com.ar\/wp-content\/uploads\/2022\/12\/a2ea1a87725efd89c7769b47a974a32c150b71f9-1024x577.jpg 1024w, https:\/\/puntodereferencia.com.ar\/wp-content\/uploads\/2022\/12\/a2ea1a87725efd89c7769b47a974a32c150b71f9-300x169.jpg 300w, https:\/\/puntodereferencia.com.ar\/wp-content\/uploads\/2022\/12\/a2ea1a87725efd89c7769b47a974a32c150b71f9-768x432.jpg 768w, https:\/\/puntodereferencia.com.ar\/wp-content\/uploads\/2022\/12\/a2ea1a87725efd89c7769b47a974a32c150b71f9-1536x865.jpg 1536w, https:\/\/puntodereferencia.com.ar\/wp-content\/uploads\/2022\/12\/a2ea1a87725efd89c7769b47a974a32c150b71f9.jpg 1600w\" sizes=\"(max-width: 1024px) 100vw, 1024px\" \/><\/figure>\n","protected":false},"excerpt":{"rendered":"<p>El Instituto de Cultura de Corrientes abre el periodo de acreditaci\u00f3n para los medios de comunicaci\u00f3n interesados en realizar la<\/p>\n","protected":false},"author":3,"featured_media":11567,"comment_status":"open","ping_status":"open","sticky":false,"template":"","format":"standard","meta":[],"categories":[17,8,19,11,3,7,5],"tags":[],"yoast_head":"<!-- This site is optimized with the Yoast SEO plugin v17.2.1 - https:\/\/yoast.com\/wordpress\/plugins\/seo\/ -->\n<title>Se abre el periodo de acreditaciones para la 32\u00aa Fiesta Nacional del Chamam\u00e9 - Punto de Referencia<\/title>\n<meta name=\"robots\" content=\"index, follow, max-snippet:-1, max-image-preview:large, max-video-preview:-1\" \/>\n<link rel=\"canonical\" href=\"https:\/\/puntodereferencia.com.ar\/index.php\/2022\/12\/19\/se-abre-el-periodo-de-acreditaciones-para-la-32a-fiesta-nacional-del-chamame\/\" \/>\n<meta property=\"og:locale\" content=\"es_ES\" \/>\n<meta property=\"og:type\" content=\"article\" \/>\n<meta property=\"og:title\" content=\"Se abre el periodo de acreditaciones para la 32\u00aa Fiesta Nacional del Chamam\u00e9 - Punto de Referencia\" \/>\n<meta property=\"og:description\" content=\"El Instituto de Cultura de Corrientes abre el periodo de acreditaci\u00f3n para los medios de comunicaci\u00f3n interesados en realizar la\" \/>\n<meta property=\"og:url\" content=\"https:\/\/puntodereferencia.com.ar\/index.php\/2022\/12\/19\/se-abre-el-periodo-de-acreditaciones-para-la-32a-fiesta-nacional-del-chamame\/\" \/>\n<meta property=\"og:site_name\" content=\"Punto de Referencia\" \/>\n<meta property=\"article:published_time\" content=\"2022-12-19T19:45:00+00:00\" \/>\n<meta property=\"article:modified_time\" content=\"2022-12-25T20:04:22+00:00\" \/>\n<meta property=\"og:image\" content=\"http:\/\/puntodereferencia.com.ar\/wp-content\/uploads\/2022\/12\/9e8c2f83716f4ecb05d6e318e988a553a701ae76.jpg\" \/>\n\t<meta property=\"og:image:width\" content=\"1600\" \/>\n\t<meta property=\"og:image:height\" content=\"901\" \/>\n<meta name=\"twitter:card\" content=\"summary_large_image\" \/>\n<meta name=\"twitter:label1\" content=\"Escrito por\" \/>\n\t<meta name=\"twitter:data1\" content=\"Jesica Ibarra\" \/>\n\t<meta name=\"twitter:label2\" content=\"Tiempo de lectura\" \/>\n\t<meta name=\"twitter:data2\" content=\"3 minutos\" \/>\n<script type=\"application\/ld+json\" class=\"yoast-schema-graph\">{\"@context\":\"https:\/\/schema.org\",\"@graph\":[{\"@type\":\"WebSite\",\"@id\":\"https:\/\/puntodereferencia.com.ar\/#website\",\"url\":\"https:\/\/puntodereferencia.com.ar\/\",\"name\":\"Punto de Referencia\",\"description\":\"con Miguel Pelozo\",\"potentialAction\":[{\"@type\":\"SearchAction\",\"target\":{\"@type\":\"EntryPoint\",\"urlTemplate\":\"https:\/\/puntodereferencia.com.ar\/?s={search_term_string}\"},\"query-input\":\"required name=search_term_string\"}],\"inLanguage\":\"es\"},{\"@type\":\"ImageObject\",\"@id\":\"https:\/\/puntodereferencia.com.ar\/index.php\/2022\/12\/19\/se-abre-el-periodo-de-acreditaciones-para-la-32a-fiesta-nacional-del-chamame\/#primaryimage\",\"inLanguage\":\"es\",\"url\":\"https:\/\/puntodereferencia.com.ar\/wp-content\/uploads\/2022\/12\/9e8c2f83716f4ecb05d6e318e988a553a701ae76.jpg\",\"contentUrl\":\"https:\/\/puntodereferencia.com.ar\/wp-content\/uploads\/2022\/12\/9e8c2f83716f4ecb05d6e318e988a553a701ae76.jpg\",\"width\":1600,\"height\":901},{\"@type\":\"WebPage\",\"@id\":\"https:\/\/puntodereferencia.com.ar\/index.php\/2022\/12\/19\/se-abre-el-periodo-de-acreditaciones-para-la-32a-fiesta-nacional-del-chamame\/#webpage\",\"url\":\"https:\/\/puntodereferencia.com.ar\/index.php\/2022\/12\/19\/se-abre-el-periodo-de-acreditaciones-para-la-32a-fiesta-nacional-del-chamame\/\",\"name\":\"Se abre el periodo de acreditaciones para la 32\\u00aa Fiesta Nacional del Chamam\\u00e9 - Punto de Referencia\",\"isPartOf\":{\"@id\":\"https:\/\/puntodereferencia.com.ar\/#website\"},\"primaryImageOfPage\":{\"@id\":\"https:\/\/puntodereferencia.com.ar\/index.php\/2022\/12\/19\/se-abre-el-periodo-de-acreditaciones-para-la-32a-fiesta-nacional-del-chamame\/#primaryimage\"},\"datePublished\":\"2022-12-19T19:45:00+00:00\",\"dateModified\":\"2022-12-25T20:04:22+00:00\",\"author\":{\"@id\":\"https:\/\/puntodereferencia.com.ar\/#\/schema\/person\/20515f63cb838bea48da9f8f1b31672c\"},\"breadcrumb\":{\"@id\":\"https:\/\/puntodereferencia.com.ar\/index.php\/2022\/12\/19\/se-abre-el-periodo-de-acreditaciones-para-la-32a-fiesta-nacional-del-chamame\/#breadcrumb\"},\"inLanguage\":\"es\",\"potentialAction\":[{\"@type\":\"ReadAction\",\"target\":[\"https:\/\/puntodereferencia.com.ar\/index.php\/2022\/12\/19\/se-abre-el-periodo-de-acreditaciones-para-la-32a-fiesta-nacional-del-chamame\/\"]}]},{\"@type\":\"BreadcrumbList\",\"@id\":\"https:\/\/puntodereferencia.com.ar\/index.php\/2022\/12\/19\/se-abre-el-periodo-de-acreditaciones-para-la-32a-fiesta-nacional-del-chamame\/#breadcrumb\",\"itemListElement\":[{\"@type\":\"ListItem\",\"position\":1,\"name\":\"Inicio\",\"item\":\"https:\/\/puntodereferencia.com.ar\/\"},{\"@type\":\"ListItem\",\"position\":2,\"name\":\"Se abre el periodo de acreditaciones para la 32\\u00aa Fiesta Nacional del Chamam\\u00e9\"}]},{\"@type\":\"Person\",\"@id\":\"https:\/\/puntodereferencia.com.ar\/#\/schema\/person\/20515f63cb838bea48da9f8f1b31672c\",\"name\":\"Jesica Ibarra\",\"image\":{\"@type\":\"ImageObject\",\"@id\":\"https:\/\/puntodereferencia.com.ar\/#personlogo\",\"inLanguage\":\"es\",\"url\":\"https:\/\/secure.gravatar.com\/avatar\/16897d4269998dd535b4ce733bc9e85c?s=96&d=mm&r=g\",\"contentUrl\":\"https:\/\/secure.gravatar.com\/avatar\/16897d4269998dd535b4ce733bc9e85c?s=96&d=mm&r=g\",\"caption\":\"Jesica Ibarra\"},\"url\":\"https:\/\/puntodereferencia.com.ar\/index.php\/author\/jesica-ibarra\/\"}]}<\/script>\n<!-- \/ Yoast SEO plugin. -->","yoast_head_json":{"title":"Se abre el periodo de acreditaciones para la 32\u00aa Fiesta Nacional del Chamam\u00e9 - Punto de Referencia","robots":{"index":"index","follow":"follow","max-snippet":"max-snippet:-1","max-image-preview":"max-image-preview:large","max-video-preview":"max-video-preview:-1"},"canonical":"https:\/\/puntodereferencia.com.ar\/index.php\/2022\/12\/19\/se-abre-el-periodo-de-acreditaciones-para-la-32a-fiesta-nacional-del-chamame\/","og_locale":"es_ES","og_type":"article","og_title":"Se abre el periodo de acreditaciones para la 32\u00aa Fiesta Nacional del Chamam\u00e9 - Punto de Referencia","og_description":"El Instituto de Cultura de Corrientes abre el periodo de acreditaci\u00f3n para los medios de comunicaci\u00f3n interesados en realizar la","og_url":"https:\/\/puntodereferencia.com.ar\/index.php\/2022\/12\/19\/se-abre-el-periodo-de-acreditaciones-para-la-32a-fiesta-nacional-del-chamame\/","og_site_name":"Punto de Referencia","article_published_time":"2022-12-19T19:45:00+00:00","article_modified_time":"2022-12-25T20:04:22+00:00","og_image":[{"width":1600,"height":901,"url":"http:\/\/puntodereferencia.com.ar\/wp-content\/uploads\/2022\/12\/9e8c2f83716f4ecb05d6e318e988a553a701ae76.jpg","path":"\/home\/u322846391\/domains\/puntodereferencia.com.ar\/public_html\/wp-content\/uploads\/2022\/12\/9e8c2f83716f4ecb05d6e318e988a553a701ae76.jpg","size":"full","id":11567,"alt":"","pixels":1441600,"type":"image\/jpeg"}],"twitter_card":"summary_large_image","twitter_misc":{"Escrito por":"Jesica Ibarra","Tiempo de lectura":"3 minutos"},"schema":{"@context":"https:\/\/schema.org","@graph":[{"@type":"WebSite","@id":"https:\/\/puntodereferencia.com.ar\/#website","url":"https:\/\/puntodereferencia.com.ar\/","name":"Punto de Referencia","description":"con Miguel Pelozo","potentialAction":[{"@type":"SearchAction","target":{"@type":"EntryPoint","urlTemplate":"https:\/\/puntodereferencia.com.ar\/?s={search_term_string}"},"query-input":"required name=search_term_string"}],"inLanguage":"es"},{"@type":"ImageObject","@id":"https:\/\/puntodereferencia.com.ar\/index.php\/2022\/12\/19\/se-abre-el-periodo-de-acreditaciones-para-la-32a-fiesta-nacional-del-chamame\/#primaryimage","inLanguage":"es","url":"https:\/\/puntodereferencia.com.ar\/wp-content\/uploads\/2022\/12\/9e8c2f83716f4ecb05d6e318e988a553a701ae76.jpg","contentUrl":"https:\/\/puntodereferencia.com.ar\/wp-content\/uploads\/2022\/12\/9e8c2f83716f4ecb05d6e318e988a553a701ae76.jpg","width":1600,"height":901},{"@type":"WebPage","@id":"https:\/\/puntodereferencia.com.ar\/index.php\/2022\/12\/19\/se-abre-el-periodo-de-acreditaciones-para-la-32a-fiesta-nacional-del-chamame\/#webpage","url":"https:\/\/puntodereferencia.com.ar\/index.php\/2022\/12\/19\/se-abre-el-periodo-de-acreditaciones-para-la-32a-fiesta-nacional-del-chamame\/","name":"Se abre el periodo de acreditaciones para la 32\u00aa Fiesta Nacional del Chamam\u00e9 - Punto de Referencia","isPartOf":{"@id":"https:\/\/puntodereferencia.com.ar\/#website"},"primaryImageOfPage":{"@id":"https:\/\/puntodereferencia.com.ar\/index.php\/2022\/12\/19\/se-abre-el-periodo-de-acreditaciones-para-la-32a-fiesta-nacional-del-chamame\/#primaryimage"},"datePublished":"2022-12-19T19:45:00+00:00","dateModified":"2022-12-25T20:04:22+00:00","author":{"@id":"https:\/\/puntodereferencia.com.ar\/#\/schema\/person\/20515f63cb838bea48da9f8f1b31672c"},"breadcrumb":{"@id":"https:\/\/puntodereferencia.com.ar\/index.php\/2022\/12\/19\/se-abre-el-periodo-de-acreditaciones-para-la-32a-fiesta-nacional-del-chamame\/#breadcrumb"},"inLanguage":"es","potentialAction":[{"@type":"ReadAction","target":["https:\/\/puntodereferencia.com.ar\/index.php\/2022\/12\/19\/se-abre-el-periodo-de-acreditaciones-para-la-32a-fiesta-nacional-del-chamame\/"]}]},{"@type":"BreadcrumbList","@id":"https:\/\/puntodereferencia.com.ar\/index.php\/2022\/12\/19\/se-abre-el-periodo-de-acreditaciones-para-la-32a-fiesta-nacional-del-chamame\/#breadcrumb","itemListElement":[{"@type":"ListItem","position":1,"name":"Inicio","item":"https:\/\/puntodereferencia.com.ar\/"},{"@type":"ListItem","position":2,"name":"Se abre el periodo de acreditaciones para la 32\u00aa Fiesta Nacional del Chamam\u00e9"}]},{"@type":"Person","@id":"https:\/\/puntodereferencia.com.ar\/#\/schema\/person\/20515f63cb838bea48da9f8f1b31672c","name":"Jesica Ibarra","image":{"@type":"ImageObject","@id":"https:\/\/puntodereferencia.com.ar\/#personlogo","inLanguage":"es","url":"https:\/\/secure.gravatar.com\/avatar\/16897d4269998dd535b4ce733bc9e85c?s=96&d=mm&r=g","contentUrl":"https:\/\/secure.gravatar.com\/avatar\/16897d4269998dd535b4ce733bc9e85c?s=96&d=mm&r=g","caption":"Jesica Ibarra"},"url":"https:\/\/puntodereferencia.com.ar\/index.php\/author\/jesica-ibarra\/"}]}},"_links":{"self":[{"href":"https:\/\/puntodereferencia.com.ar\/index.php\/wp-json\/wp\/v2\/posts\/11566"}],"collection":[{"href":"https:\/\/puntodereferencia.com.ar\/index.php\/wp-json\/wp\/v2\/posts"}],"about":[{"href":"https:\/\/puntodereferencia.com.ar\/index.php\/wp-json\/wp\/v2\/types\/post"}],"author":[{"embeddable":true,"href":"https:\/\/puntodereferencia.com.ar\/index.php\/wp-json\/wp\/v2\/users\/3"}],"replies":[{"embeddable":true,"href":"https:\/\/puntodereferencia.com.ar\/index.php\/wp-json\/wp\/v2\/comments?post=11566"}],"version-history":[{"count":1,"href":"https:\/\/puntodereferencia.com.ar\/index.php\/wp-json\/wp\/v2\/posts\/11566\/revisions"}],"predecessor-version":[{"id":11569,"href":"https:\/\/puntodereferencia.com.ar\/index.php\/wp-json\/wp\/v2\/posts\/11566\/revisions\/11569"}],"wp:featuredmedia":[{"embeddable":true,"href":"https:\/\/puntodereferencia.com.ar\/index.php\/wp-json\/wp\/v2\/media\/11567"}],"wp:attachment":[{"href":"https:\/\/puntodereferencia.com.ar\/index.php\/wp-json\/wp\/v2\/media?parent=11566"}],"wp:term":[{"taxonomy":"category","embeddable":true,"href":"https:\/\/puntodereferencia.com.ar\/index.php\/wp-json\/wp\/v2\/categories?post=11566"},{"taxonomy":"post_tag","embeddable":true,"href":"https:\/\/puntodereferencia.com.ar\/index.php\/wp-json\/wp\/v2\/tags?post=11566"}],"curies":[{"name":"wp","href":"https:\/\/api.w.org\/{rel}","templated":true}]}}