{"id":11642,"date":"2022-12-16T19:32:00","date_gmt":"2022-12-16T22:32:00","guid":{"rendered":"http:\/\/puntodereferencia.com.ar\/?p=11642"},"modified":"2022-12-25T19:35:15","modified_gmt":"2022-12-25T22:35:15","slug":"salud-publica-recomienda-extremar-los-cuidados-al-momento-de-exponerse-al-sol","status":"publish","type":"post","link":"https:\/\/puntodereferencia.com.ar\/index.php\/2022\/12\/16\/salud-publica-recomienda-extremar-los-cuidados-al-momento-de-exponerse-al-sol\/","title":{"rendered":"Salud P\u00fablica recomienda extremar los cuidados al momento de exponerse al sol"},"content":{"rendered":"\n<p>La exposici\u00f3n solar prolongada es riesgosa y puede causar efectos nocivos en la salud, como el envejecimiento cut\u00e1neo e incluso c\u00e1ncer de piel. Se sugiere usar protectoras solares, entre otras medidas.<\/p>\n\n\n\n<p>El Ministerio de Salud P\u00fablica a trav\u00e9s del Dispensario Dermatol\u00f3gico \u201cErcilia Casares de Blaquier\u201d, recuerda la importancia de evitar la exposici\u00f3n solar excesiva y hace hincapi\u00e9 en la utilizaci\u00f3n de productos que ayuden a preservar la salud cut\u00e1nea.<\/p>\n\n\n\n<p>La exposici\u00f3n solar prolongada es riesgosa, provocando efectos nocivos para la salud, como lo son el envejecimiento cut\u00e1neo y el c\u00e1ncer de piel.<\/p>\n\n\n\n<p>Al respecto, la directora del Dispensario Dermatol\u00f3gico, Mar\u00eda Dalurzo, sostuvo que en Corrientes se debe proteger del sol durante pr\u00e1cticamente todo el a\u00f1o y extremar los cuidados durante el verano y explic\u00f3: \u201cEn esta \u00e9poca del a\u00f1o recomendamos mayor protecci\u00f3n para evitar que el sol nos da\u00f1e, sobre todo porque es cuando la radiaci\u00f3n est\u00e1 m\u00e1s fuerte\u201d.<\/p>\n\n\n\n<p>\u201cEntre los da\u00f1os que ocasiona la luz ultravioleta, que no son visibles, se encuentra la injuria celular; en algunos casos estas pueden ser reparadas por distintos mecanismos que poseen las c\u00e9lulas, pero en otros, el da\u00f1o celular es permanente, lo cual provoca la aparici\u00f3n de arrugas, manchas o bien c\u00e1ncer de piel con el correr de los a\u00f1os\u201d, advirti\u00f3 la profesional.<\/p>\n\n\n\n<p>RECOMENDACIONES<\/p>\n\n\n\n<p>Usar sombrero de ala ancha, anteojos con filtro UV certificado, camisas de mangas largas y ponerse a la sombra de los \u00e1rboles o sombrillas, entre otras cosas.<\/p>\n\n\n\n<p>Evitar exponerse al sol entre las 10 y las 16.<\/p>\n\n\n\n<p>Usar de forma habitual cremas protectoras solares que bloqueen la radiaci\u00f3n UVA y UVB, de calidad reconocida y cuyo factor de protecci\u00f3n solar sea mayor a 50.<\/p>\n\n\n\n<p>Se debe aplicar en toda la piel 20 minutos antes de la exposici\u00f3n y renovarlo cada 30 minutos con la piel seca o cada vez que sale del agua. Usar en una cantidad generosa sin olvidar sitios como orejas, empeines, labios, cuello y t\u00f3rax.<\/p>\n\n\n\n<p>No se debe olvidar la protecci\u00f3n solar al realizar deportes.<\/p>\n\n\n\n<p>Es primordial conocerse y hacer el \u201cautoexamen\u201d de forma peri\u00f3dica. Si se encuentran manchas nuevas o que se hayan modificado, se debe consultar con el dermat\u00f3logo.<\/p>\n","protected":false},"excerpt":{"rendered":"<p>La exposici\u00f3n solar prolongada es riesgosa y puede causar efectos nocivos en la salud, como el envejecimiento cut\u00e1neo e incluso<\/p>\n","protected":false},"author":3,"featured_media":0,"comment_status":"open","ping_status":"open","sticky":false,"template":"","format":"standard","meta":[],"categories":[3,7,9,5],"tags":[],"yoast_head":"<!-- This site is optimized with the Yoast SEO plugin v17.2.1 - https:\/\/yoast.com\/wordpress\/plugins\/seo\/ -->\n<title>Salud P\u00fablica recomienda extremar los cuidados al momento de exponerse al sol - Punto de Referencia<\/title>\n<meta name=\"robots\" content=\"index, follow, max-snippet:-1, max-image-preview:large, max-video-preview:-1\" \/>\n<link rel=\"canonical\" href=\"https:\/\/puntodereferencia.com.ar\/index.php\/2022\/12\/16\/salud-publica-recomienda-extremar-los-cuidados-al-momento-de-exponerse-al-sol\/\" \/>\n<meta property=\"og:locale\" content=\"es_ES\" \/>\n<meta property=\"og:type\" content=\"article\" \/>\n<meta property=\"og:title\" content=\"Salud P\u00fablica recomienda extremar los cuidados al momento de exponerse al sol - Punto de Referencia\" \/>\n<meta property=\"og:description\" content=\"La exposici\u00f3n solar prolongada es riesgosa y puede causar efectos nocivos en la salud, como el envejecimiento cut\u00e1neo e incluso\" \/>\n<meta property=\"og:url\" content=\"https:\/\/puntodereferencia.com.ar\/index.php\/2022\/12\/16\/salud-publica-recomienda-extremar-los-cuidados-al-momento-de-exponerse-al-sol\/\" \/>\n<meta property=\"og:site_name\" content=\"Punto de Referencia\" \/>\n<meta property=\"article:published_time\" content=\"2022-12-16T22:32:00+00:00\" \/>\n<meta property=\"article:modified_time\" content=\"2022-12-25T22:35:15+00:00\" \/>\n<meta name=\"twitter:card\" content=\"summary_large_image\" \/>\n<meta name=\"twitter:label1\" content=\"Escrito por\" \/>\n\t<meta name=\"twitter:data1\" content=\"Jesica Ibarra\" \/>\n\t<meta name=\"twitter:label2\" content=\"Tiempo de lectura\" \/>\n\t<meta name=\"twitter:data2\" content=\"2 minutos\" \/>\n<script type=\"application\/ld+json\" class=\"yoast-schema-graph\">{\"@context\":\"https:\/\/schema.org\",\"@graph\":[{\"@type\":\"WebSite\",\"@id\":\"https:\/\/puntodereferencia.com.ar\/#website\",\"url\":\"https:\/\/puntodereferencia.com.ar\/\",\"name\":\"Punto de Referencia\",\"description\":\"con Miguel Pelozo\",\"potentialAction\":[{\"@type\":\"SearchAction\",\"target\":{\"@type\":\"EntryPoint\",\"urlTemplate\":\"https:\/\/puntodereferencia.com.ar\/?s={search_term_string}\"},\"query-input\":\"required name=search_term_string\"}],\"inLanguage\":\"es\"},{\"@type\":\"WebPage\",\"@id\":\"https:\/\/puntodereferencia.com.ar\/index.php\/2022\/12\/16\/salud-publica-recomienda-extremar-los-cuidados-al-momento-de-exponerse-al-sol\/#webpage\",\"url\":\"https:\/\/puntodereferencia.com.ar\/index.php\/2022\/12\/16\/salud-publica-recomienda-extremar-los-cuidados-al-momento-de-exponerse-al-sol\/\",\"name\":\"Salud P\\u00fablica recomienda extremar los cuidados al momento de exponerse al sol - Punto de Referencia\",\"isPartOf\":{\"@id\":\"https:\/\/puntodereferencia.com.ar\/#website\"},\"datePublished\":\"2022-12-16T22:32:00+00:00\",\"dateModified\":\"2022-12-25T22:35:15+00:00\",\"author\":{\"@id\":\"https:\/\/puntodereferencia.com.ar\/#\/schema\/person\/20515f63cb838bea48da9f8f1b31672c\"},\"breadcrumb\":{\"@id\":\"https:\/\/puntodereferencia.com.ar\/index.php\/2022\/12\/16\/salud-publica-recomienda-extremar-los-cuidados-al-momento-de-exponerse-al-sol\/#breadcrumb\"},\"inLanguage\":\"es\",\"potentialAction\":[{\"@type\":\"ReadAction\",\"target\":[\"https:\/\/puntodereferencia.com.ar\/index.php\/2022\/12\/16\/salud-publica-recomienda-extremar-los-cuidados-al-momento-de-exponerse-al-sol\/\"]}]},{\"@type\":\"BreadcrumbList\",\"@id\":\"https:\/\/puntodereferencia.com.ar\/index.php\/2022\/12\/16\/salud-publica-recomienda-extremar-los-cuidados-al-momento-de-exponerse-al-sol\/#breadcrumb\",\"itemListElement\":[{\"@type\":\"ListItem\",\"position\":1,\"name\":\"Inicio\",\"item\":\"https:\/\/puntodereferencia.com.ar\/\"},{\"@type\":\"ListItem\",\"position\":2,\"name\":\"Salud P\\u00fablica recomienda extremar los cuidados al momento de exponerse al sol\"}]},{\"@type\":\"Person\",\"@id\":\"https:\/\/puntodereferencia.com.ar\/#\/schema\/person\/20515f63cb838bea48da9f8f1b31672c\",\"name\":\"Jesica Ibarra\",\"image\":{\"@type\":\"ImageObject\",\"@id\":\"https:\/\/puntodereferencia.com.ar\/#personlogo\",\"inLanguage\":\"es\",\"url\":\"https:\/\/secure.gravatar.com\/avatar\/16897d4269998dd535b4ce733bc9e85c?s=96&d=mm&r=g\",\"contentUrl\":\"https:\/\/secure.gravatar.com\/avatar\/16897d4269998dd535b4ce733bc9e85c?s=96&d=mm&r=g\",\"caption\":\"Jesica Ibarra\"},\"url\":\"https:\/\/puntodereferencia.com.ar\/index.php\/author\/jesica-ibarra\/\"}]}<\/script>\n<!-- \/ Yoast SEO plugin. -->","yoast_head_json":{"title":"Salud P\u00fablica recomienda extremar los cuidados al momento de exponerse al sol - Punto de Referencia","robots":{"index":"index","follow":"follow","max-snippet":"max-snippet:-1","max-image-preview":"max-image-preview:large","max-video-preview":"max-video-preview:-1"},"canonical":"https:\/\/puntodereferencia.com.ar\/index.php\/2022\/12\/16\/salud-publica-recomienda-extremar-los-cuidados-al-momento-de-exponerse-al-sol\/","og_locale":"es_ES","og_type":"article","og_title":"Salud P\u00fablica recomienda extremar los cuidados al momento de exponerse al sol - Punto de Referencia","og_description":"La exposici\u00f3n solar prolongada es riesgosa y puede causar efectos nocivos en la salud, como el envejecimiento cut\u00e1neo e incluso","og_url":"https:\/\/puntodereferencia.com.ar\/index.php\/2022\/12\/16\/salud-publica-recomienda-extremar-los-cuidados-al-momento-de-exponerse-al-sol\/","og_site_name":"Punto de Referencia","article_published_time":"2022-12-16T22:32:00+00:00","article_modified_time":"2022-12-25T22:35:15+00:00","twitter_card":"summary_large_image","twitter_misc":{"Escrito por":"Jesica Ibarra","Tiempo de lectura":"2 minutos"},"schema":{"@context":"https:\/\/schema.org","@graph":[{"@type":"WebSite","@id":"https:\/\/puntodereferencia.com.ar\/#website","url":"https:\/\/puntodereferencia.com.ar\/","name":"Punto de Referencia","description":"con Miguel Pelozo","potentialAction":[{"@type":"SearchAction","target":{"@type":"EntryPoint","urlTemplate":"https:\/\/puntodereferencia.com.ar\/?s={search_term_string}"},"query-input":"required name=search_term_string"}],"inLanguage":"es"},{"@type":"WebPage","@id":"https:\/\/puntodereferencia.com.ar\/index.php\/2022\/12\/16\/salud-publica-recomienda-extremar-los-cuidados-al-momento-de-exponerse-al-sol\/#webpage","url":"https:\/\/puntodereferencia.com.ar\/index.php\/2022\/12\/16\/salud-publica-recomienda-extremar-los-cuidados-al-momento-de-exponerse-al-sol\/","name":"Salud P\u00fablica recomienda extremar los cuidados al momento de exponerse al sol - Punto de Referencia","isPartOf":{"@id":"https:\/\/puntodereferencia.com.ar\/#website"},"datePublished":"2022-12-16T22:32:00+00:00","dateModified":"2022-12-25T22:35:15+00:00","author":{"@id":"https:\/\/puntodereferencia.com.ar\/#\/schema\/person\/20515f63cb838bea48da9f8f1b31672c"},"breadcrumb":{"@id":"https:\/\/puntodereferencia.com.ar\/index.php\/2022\/12\/16\/salud-publica-recomienda-extremar-los-cuidados-al-momento-de-exponerse-al-sol\/#breadcrumb"},"inLanguage":"es","potentialAction":[{"@type":"ReadAction","target":["https:\/\/puntodereferencia.com.ar\/index.php\/2022\/12\/16\/salud-publica-recomienda-extremar-los-cuidados-al-momento-de-exponerse-al-sol\/"]}]},{"@type":"BreadcrumbList","@id":"https:\/\/puntodereferencia.com.ar\/index.php\/2022\/12\/16\/salud-publica-recomienda-extremar-los-cuidados-al-momento-de-exponerse-al-sol\/#breadcrumb","itemListElement":[{"@type":"ListItem","position":1,"name":"Inicio","item":"https:\/\/puntodereferencia.com.ar\/"},{"@type":"ListItem","position":2,"name":"Salud P\u00fablica recomienda extremar los cuidados al momento de exponerse al sol"}]},{"@type":"Person","@id":"https:\/\/puntodereferencia.com.ar\/#\/schema\/person\/20515f63cb838bea48da9f8f1b31672c","name":"Jesica Ibarra","image":{"@type":"ImageObject","@id":"https:\/\/puntodereferencia.com.ar\/#personlogo","inLanguage":"es","url":"https:\/\/secure.gravatar.com\/avatar\/16897d4269998dd535b4ce733bc9e85c?s=96&d=mm&r=g","contentUrl":"https:\/\/secure.gravatar.com\/avatar\/16897d4269998dd535b4ce733bc9e85c?s=96&d=mm&r=g","caption":"Jesica Ibarra"},"url":"https:\/\/puntodereferencia.com.ar\/index.php\/author\/jesica-ibarra\/"}]}},"_links":{"self":[{"href":"https:\/\/puntodereferencia.com.ar\/index.php\/wp-json\/wp\/v2\/posts\/11642"}],"collection":[{"href":"https:\/\/puntodereferencia.com.ar\/index.php\/wp-json\/wp\/v2\/posts"}],"about":[{"href":"https:\/\/puntodereferencia.com.ar\/index.php\/wp-json\/wp\/v2\/types\/post"}],"author":[{"embeddable":true,"href":"https:\/\/puntodereferencia.com.ar\/index.php\/wp-json\/wp\/v2\/users\/3"}],"replies":[{"embeddable":true,"href":"https:\/\/puntodereferencia.com.ar\/index.php\/wp-json\/wp\/v2\/comments?post=11642"}],"version-history":[{"count":1,"href":"https:\/\/puntodereferencia.com.ar\/index.php\/wp-json\/wp\/v2\/posts\/11642\/revisions"}],"predecessor-version":[{"id":11643,"href":"https:\/\/puntodereferencia.com.ar\/index.php\/wp-json\/wp\/v2\/posts\/11642\/revisions\/11643"}],"wp:attachment":[{"href":"https:\/\/puntodereferencia.com.ar\/index.php\/wp-json\/wp\/v2\/media?parent=11642"}],"wp:term":[{"taxonomy":"category","embeddable":true,"href":"https:\/\/puntodereferencia.com.ar\/index.php\/wp-json\/wp\/v2\/categories?post=11642"},{"taxonomy":"post_tag","embeddable":true,"href":"https:\/\/puntodereferencia.com.ar\/index.php\/wp-json\/wp\/v2\/tags?post=11642"}],"curies":[{"name":"wp","href":"https:\/\/api.w.org\/{rel}","templated":true}]}}