{"id":11644,"date":"2022-12-16T19:36:00","date_gmt":"2022-12-16T22:36:00","guid":{"rendered":"http:\/\/puntodereferencia.com.ar\/?p=11644"},"modified":"2022-12-25T19:48:57","modified_gmt":"2022-12-25T22:48:57","slug":"el-tekove-poti-se-despide-hasta-el-ano-que-viene-a-pura-diversion","status":"publish","type":"post","link":"https:\/\/puntodereferencia.com.ar\/index.php\/2022\/12\/16\/el-tekove-poti-se-despide-hasta-el-ano-que-viene-a-pura-diversion\/","title":{"rendered":"El Tekov\u00e9 Poti se despide hasta el a\u00f1o que viene, a pura diversi\u00f3n"},"content":{"rendered":"\n<p><strong><em>Con un Teko Especial, el Teko F\u00fatbol Infantil Mixto y Teko Carnaval clausura un a\u00f1o a toda orquesta, en donde disfrutaron su bagaje de propuestas m\u00e1s de 150 mil familias correntinas.&nbsp;<\/em><\/strong><\/p>\n\n\n\n<p>Con sorteos, premios y sorpresas en vivo a trav\u00e9s de sus m\u00faltiples eventos, el Tekov\u00e9 Poti cierra un a\u00f1o exitoso saliendo a distintos barrios de la Capital despu\u00e9s de la pandemia, en donde se realizaba eventos de manera virtual, con el objetivo de seguir generando trabajo a todos los artistas y gestores culturales de la provincia de Corrientes.<\/p>\n\n\n\n<p>Coordinado por el subsecretario general de la Gobernaci\u00f3n, Eduardo Pardo, el Tekov\u00e9 Poti arranca este s\u00e1bado, 17 de diciembre, a las 8, con el Teko F\u00fatbol Infantil Mixto en Boca Unidos Center. Un mini torneo de f\u00fatbol, de 5 a 12 a\u00f1os, en donde participan m\u00e1s de 50 equipos barriales por fin de semana.<\/p>\n\n\n\n<p>El Teko Especial el s\u00e1bado 17 de diciembre desde la plaza del barrio Nuevo, a las 19, con premios y sorteos y la actuaci\u00f3n de Los Nuevos Vecinos, La Cubana de Goya y un cierre espectacular de Los Rom\u00e1nticos. Tambi\u00e9n habr\u00e1 transmisi\u00f3n en vivo a trav\u00e9s del canal 13Max, T5Satelital y las redes del Gobierno de Corrientes.<\/p>\n\n\n\n<p>Tambi\u00e9n el s\u00e1bado 17 de diciembre, a las 18.30, siempre en la plaza del barrio Nuevo se viene el Teko Carnaval con la presencia de Arand\u00fa Beleza, anticipando todo el brillo de nuestros carnavales correntinos.<\/p>\n\n\n\n<p>Una cita importante para que todas las familias correntinas puedan disfrutar un divertido fin de semana con muchos juegos, premios y sorpresas.<\/p>\n\n\n\n<p><strong>N\u00fameros que dej\u00f3 el Corrientes Cumbia y Teko Chamam\u00e9<\/strong><\/p>\n\n\n\n<p>Durante la pandemia se volvi\u00f3 a lanzar ambos programas de manera virtual, por las redes del Gobierno de Corrientes y a trav\u00e9s de los canales 13Max, T5Satelital y 5TV.<\/p>\n\n\n\n<p>Participaron alrededor de 65 grupos tropicales por a\u00f1o, 30 locales y 35 del interior en el Corrientes Cumbia.<\/p>\n\n\n\n<p>En el Teko Chamam\u00e9: 56 conjuntos chamameceros, 27 locales y 29 del interior.&nbsp;<\/p>\n\n\n\n<p>Desde el 6 de junio del 2020 que no se dej\u00f3 de transmitir un solo programa del Corrientes Cumbia y el objetivo principal fue seguir de manera activa el trabajo de los m\u00fasicos para no estar parado durante la pandemia. Lo mismo ocurri\u00f3 con el Teko Chamam\u00e9 desde el 13 de septiembre del 2020.<\/p>\n\n\n\n<figure class=\"wp-block-image size-large\"><img decoding=\"async\" loading=\"lazy\" width=\"819\" height=\"1024\" src=\"http:\/\/puntodereferencia.com.ar\/wp-content\/uploads\/2022\/12\/1405eabaec723d634e94118530a8c2cd063693ee-819x1024.jpg\" alt=\"\" class=\"wp-image-11646\" srcset=\"https:\/\/puntodereferencia.com.ar\/wp-content\/uploads\/2022\/12\/1405eabaec723d634e94118530a8c2cd063693ee-819x1024.jpg 819w, https:\/\/puntodereferencia.com.ar\/wp-content\/uploads\/2022\/12\/1405eabaec723d634e94118530a8c2cd063693ee-240x300.jpg 240w, https:\/\/puntodereferencia.com.ar\/wp-content\/uploads\/2022\/12\/1405eabaec723d634e94118530a8c2cd063693ee-768x960.jpg 768w, https:\/\/puntodereferencia.com.ar\/wp-content\/uploads\/2022\/12\/1405eabaec723d634e94118530a8c2cd063693ee.jpg 1024w\" sizes=\"(max-width: 819px) 100vw, 819px\" \/><\/figure>\n\n\n\n<figure class=\"wp-block-image size-large\"><img decoding=\"async\" loading=\"lazy\" width=\"819\" height=\"1024\" src=\"http:\/\/puntodereferencia.com.ar\/wp-content\/uploads\/2022\/12\/3d0e66c59e1928d74edce22ccee22c4df3542088-819x1024.jpg\" alt=\"\" class=\"wp-image-11647\" srcset=\"https:\/\/puntodereferencia.com.ar\/wp-content\/uploads\/2022\/12\/3d0e66c59e1928d74edce22ccee22c4df3542088-819x1024.jpg 819w, https:\/\/puntodereferencia.com.ar\/wp-content\/uploads\/2022\/12\/3d0e66c59e1928d74edce22ccee22c4df3542088-240x300.jpg 240w, https:\/\/puntodereferencia.com.ar\/wp-content\/uploads\/2022\/12\/3d0e66c59e1928d74edce22ccee22c4df3542088-768x960.jpg 768w, https:\/\/puntodereferencia.com.ar\/wp-content\/uploads\/2022\/12\/3d0e66c59e1928d74edce22ccee22c4df3542088.jpg 1024w\" sizes=\"(max-width: 819px) 100vw, 819px\" \/><\/figure>\n\n\n\n<figure class=\"wp-block-image size-large\"><img decoding=\"async\" loading=\"lazy\" width=\"1024\" height=\"576\" src=\"http:\/\/puntodereferencia.com.ar\/wp-content\/uploads\/2022\/12\/5941cf60962fac5eb83f2a0cb573401de0e8906b-1024x576.jpg\" alt=\"\" class=\"wp-image-11648\" srcset=\"https:\/\/puntodereferencia.com.ar\/wp-content\/uploads\/2022\/12\/5941cf60962fac5eb83f2a0cb573401de0e8906b-1024x576.jpg 1024w, https:\/\/puntodereferencia.com.ar\/wp-content\/uploads\/2022\/12\/5941cf60962fac5eb83f2a0cb573401de0e8906b-300x169.jpg 300w, https:\/\/puntodereferencia.com.ar\/wp-content\/uploads\/2022\/12\/5941cf60962fac5eb83f2a0cb573401de0e8906b-768x432.jpg 768w, https:\/\/puntodereferencia.com.ar\/wp-content\/uploads\/2022\/12\/5941cf60962fac5eb83f2a0cb573401de0e8906b.jpg 1280w\" sizes=\"(max-width: 1024px) 100vw, 1024px\" \/><\/figure>\n\n\n\n<figure class=\"wp-block-image size-large\"><img decoding=\"async\" loading=\"lazy\" width=\"1024\" height=\"682\" src=\"http:\/\/puntodereferencia.com.ar\/wp-content\/uploads\/2022\/12\/f02f69a9e5bdf6d49c26e97e9029fbc6dc4205a3-1024x682.jpg\" alt=\"\" class=\"wp-image-11649\" srcset=\"https:\/\/puntodereferencia.com.ar\/wp-content\/uploads\/2022\/12\/f02f69a9e5bdf6d49c26e97e9029fbc6dc4205a3-1024x682.jpg 1024w, https:\/\/puntodereferencia.com.ar\/wp-content\/uploads\/2022\/12\/f02f69a9e5bdf6d49c26e97e9029fbc6dc4205a3-300x200.jpg 300w, https:\/\/puntodereferencia.com.ar\/wp-content\/uploads\/2022\/12\/f02f69a9e5bdf6d49c26e97e9029fbc6dc4205a3-768x511.jpg 768w, https:\/\/puntodereferencia.com.ar\/wp-content\/uploads\/2022\/12\/f02f69a9e5bdf6d49c26e97e9029fbc6dc4205a3.jpg 1080w\" sizes=\"(max-width: 1024px) 100vw, 1024px\" \/><\/figure>\n\n\n\n<figure class=\"wp-block-image size-large\"><img decoding=\"async\" loading=\"lazy\" width=\"1024\" height=\"682\" src=\"http:\/\/puntodereferencia.com.ar\/wp-content\/uploads\/2022\/12\/885473715ee1fa28d285d2e679d2302ad03973cf-1024x682.jpg\" alt=\"\" class=\"wp-image-11650\" srcset=\"https:\/\/puntodereferencia.com.ar\/wp-content\/uploads\/2022\/12\/885473715ee1fa28d285d2e679d2302ad03973cf-1024x682.jpg 1024w, https:\/\/puntodereferencia.com.ar\/wp-content\/uploads\/2022\/12\/885473715ee1fa28d285d2e679d2302ad03973cf-300x200.jpg 300w, https:\/\/puntodereferencia.com.ar\/wp-content\/uploads\/2022\/12\/885473715ee1fa28d285d2e679d2302ad03973cf-768x511.jpg 768w, https:\/\/puntodereferencia.com.ar\/wp-content\/uploads\/2022\/12\/885473715ee1fa28d285d2e679d2302ad03973cf.jpg 1080w\" sizes=\"(max-width: 1024px) 100vw, 1024px\" \/><\/figure>\n\n\n\n<figure class=\"wp-block-image size-large\"><img decoding=\"async\" loading=\"lazy\" width=\"1024\" height=\"682\" src=\"http:\/\/puntodereferencia.com.ar\/wp-content\/uploads\/2022\/12\/5ae128d8c602bf384cdf11c430094fe82e81cc3a-1024x682.jpg\" alt=\"\" class=\"wp-image-11651\" srcset=\"https:\/\/puntodereferencia.com.ar\/wp-content\/uploads\/2022\/12\/5ae128d8c602bf384cdf11c430094fe82e81cc3a-1024x682.jpg 1024w, https:\/\/puntodereferencia.com.ar\/wp-content\/uploads\/2022\/12\/5ae128d8c602bf384cdf11c430094fe82e81cc3a-300x200.jpg 300w, https:\/\/puntodereferencia.com.ar\/wp-content\/uploads\/2022\/12\/5ae128d8c602bf384cdf11c430094fe82e81cc3a-768x511.jpg 768w, https:\/\/puntodereferencia.com.ar\/wp-content\/uploads\/2022\/12\/5ae128d8c602bf384cdf11c430094fe82e81cc3a.jpg 1080w\" sizes=\"(max-width: 1024px) 100vw, 1024px\" \/><\/figure>\n","protected":false},"excerpt":{"rendered":"<p>Con un Teko Especial, el Teko F\u00fatbol Infantil Mixto y Teko Carnaval clausura un a\u00f1o a toda orquesta, en donde<\/p>\n","protected":false},"author":3,"featured_media":11645,"comment_status":"open","ping_status":"open","sticky":false,"template":"","format":"standard","meta":[],"categories":[8,3,7,5],"tags":[],"yoast_head":"<!-- This site is optimized with the Yoast SEO plugin v17.2.1 - https:\/\/yoast.com\/wordpress\/plugins\/seo\/ -->\n<title>El Tekov\u00e9 Poti se despide hasta el a\u00f1o que viene, a pura diversi\u00f3n - Punto de Referencia<\/title>\n<meta name=\"robots\" content=\"index, follow, max-snippet:-1, max-image-preview:large, max-video-preview:-1\" \/>\n<link rel=\"canonical\" href=\"https:\/\/puntodereferencia.com.ar\/index.php\/2022\/12\/16\/el-tekove-poti-se-despide-hasta-el-ano-que-viene-a-pura-diversion\/\" \/>\n<meta property=\"og:locale\" content=\"es_ES\" \/>\n<meta property=\"og:type\" content=\"article\" \/>\n<meta property=\"og:title\" content=\"El Tekov\u00e9 Poti se despide hasta el a\u00f1o que viene, a pura diversi\u00f3n - Punto de Referencia\" \/>\n<meta property=\"og:description\" content=\"Con un Teko Especial, el Teko F\u00fatbol Infantil Mixto y Teko Carnaval clausura un a\u00f1o a toda orquesta, en donde\" \/>\n<meta property=\"og:url\" content=\"https:\/\/puntodereferencia.com.ar\/index.php\/2022\/12\/16\/el-tekove-poti-se-despide-hasta-el-ano-que-viene-a-pura-diversion\/\" \/>\n<meta property=\"og:site_name\" content=\"Punto de Referencia\" \/>\n<meta property=\"article:published_time\" content=\"2022-12-16T22:36:00+00:00\" \/>\n<meta property=\"article:modified_time\" content=\"2022-12-25T22:48:57+00:00\" \/>\n<meta property=\"og:image\" content=\"http:\/\/puntodereferencia.com.ar\/wp-content\/uploads\/2022\/12\/5d802601aceee9a30b8fd940ca88763f9e3844d8.jpg\" \/>\n\t<meta property=\"og:image:width\" content=\"1024\" \/>\n\t<meta property=\"og:image:height\" content=\"1280\" \/>\n<meta name=\"twitter:card\" content=\"summary_large_image\" \/>\n<meta name=\"twitter:label1\" content=\"Escrito por\" \/>\n\t<meta name=\"twitter:data1\" content=\"Jesica Ibarra\" \/>\n\t<meta name=\"twitter:label2\" content=\"Tiempo de lectura\" \/>\n\t<meta name=\"twitter:data2\" content=\"3 minutos\" \/>\n<script type=\"application\/ld+json\" class=\"yoast-schema-graph\">{\"@context\":\"https:\/\/schema.org\",\"@graph\":[{\"@type\":\"WebSite\",\"@id\":\"https:\/\/puntodereferencia.com.ar\/#website\",\"url\":\"https:\/\/puntodereferencia.com.ar\/\",\"name\":\"Punto de Referencia\",\"description\":\"con Miguel Pelozo\",\"potentialAction\":[{\"@type\":\"SearchAction\",\"target\":{\"@type\":\"EntryPoint\",\"urlTemplate\":\"https:\/\/puntodereferencia.com.ar\/?s={search_term_string}\"},\"query-input\":\"required name=search_term_string\"}],\"inLanguage\":\"es\"},{\"@type\":\"ImageObject\",\"@id\":\"https:\/\/puntodereferencia.com.ar\/index.php\/2022\/12\/16\/el-tekove-poti-se-despide-hasta-el-ano-que-viene-a-pura-diversion\/#primaryimage\",\"inLanguage\":\"es\",\"url\":\"https:\/\/puntodereferencia.com.ar\/wp-content\/uploads\/2022\/12\/5d802601aceee9a30b8fd940ca88763f9e3844d8.jpg\",\"contentUrl\":\"https:\/\/puntodereferencia.com.ar\/wp-content\/uploads\/2022\/12\/5d802601aceee9a30b8fd940ca88763f9e3844d8.jpg\",\"width\":1024,\"height\":1280},{\"@type\":\"WebPage\",\"@id\":\"https:\/\/puntodereferencia.com.ar\/index.php\/2022\/12\/16\/el-tekove-poti-se-despide-hasta-el-ano-que-viene-a-pura-diversion\/#webpage\",\"url\":\"https:\/\/puntodereferencia.com.ar\/index.php\/2022\/12\/16\/el-tekove-poti-se-despide-hasta-el-ano-que-viene-a-pura-diversion\/\",\"name\":\"El Tekov\\u00e9 Poti se despide hasta el a\\u00f1o que viene, a pura diversi\\u00f3n - Punto de Referencia\",\"isPartOf\":{\"@id\":\"https:\/\/puntodereferencia.com.ar\/#website\"},\"primaryImageOfPage\":{\"@id\":\"https:\/\/puntodereferencia.com.ar\/index.php\/2022\/12\/16\/el-tekove-poti-se-despide-hasta-el-ano-que-viene-a-pura-diversion\/#primaryimage\"},\"datePublished\":\"2022-12-16T22:36:00+00:00\",\"dateModified\":\"2022-12-25T22:48:57+00:00\",\"author\":{\"@id\":\"https:\/\/puntodereferencia.com.ar\/#\/schema\/person\/20515f63cb838bea48da9f8f1b31672c\"},\"breadcrumb\":{\"@id\":\"https:\/\/puntodereferencia.com.ar\/index.php\/2022\/12\/16\/el-tekove-poti-se-despide-hasta-el-ano-que-viene-a-pura-diversion\/#breadcrumb\"},\"inLanguage\":\"es\",\"potentialAction\":[{\"@type\":\"ReadAction\",\"target\":[\"https:\/\/puntodereferencia.com.ar\/index.php\/2022\/12\/16\/el-tekove-poti-se-despide-hasta-el-ano-que-viene-a-pura-diversion\/\"]}]},{\"@type\":\"BreadcrumbList\",\"@id\":\"https:\/\/puntodereferencia.com.ar\/index.php\/2022\/12\/16\/el-tekove-poti-se-despide-hasta-el-ano-que-viene-a-pura-diversion\/#breadcrumb\",\"itemListElement\":[{\"@type\":\"ListItem\",\"position\":1,\"name\":\"Inicio\",\"item\":\"https:\/\/puntodereferencia.com.ar\/\"},{\"@type\":\"ListItem\",\"position\":2,\"name\":\"El Tekov\\u00e9 Poti se despide hasta el a\\u00f1o que viene, a pura diversi\\u00f3n\"}]},{\"@type\":\"Person\",\"@id\":\"https:\/\/puntodereferencia.com.ar\/#\/schema\/person\/20515f63cb838bea48da9f8f1b31672c\",\"name\":\"Jesica Ibarra\",\"image\":{\"@type\":\"ImageObject\",\"@id\":\"https:\/\/puntodereferencia.com.ar\/#personlogo\",\"inLanguage\":\"es\",\"url\":\"https:\/\/secure.gravatar.com\/avatar\/16897d4269998dd535b4ce733bc9e85c?s=96&d=mm&r=g\",\"contentUrl\":\"https:\/\/secure.gravatar.com\/avatar\/16897d4269998dd535b4ce733bc9e85c?s=96&d=mm&r=g\",\"caption\":\"Jesica Ibarra\"},\"url\":\"https:\/\/puntodereferencia.com.ar\/index.php\/author\/jesica-ibarra\/\"}]}<\/script>\n<!-- \/ Yoast SEO plugin. -->","yoast_head_json":{"title":"El Tekov\u00e9 Poti se despide hasta el a\u00f1o que viene, a pura diversi\u00f3n - Punto de Referencia","robots":{"index":"index","follow":"follow","max-snippet":"max-snippet:-1","max-image-preview":"max-image-preview:large","max-video-preview":"max-video-preview:-1"},"canonical":"https:\/\/puntodereferencia.com.ar\/index.php\/2022\/12\/16\/el-tekove-poti-se-despide-hasta-el-ano-que-viene-a-pura-diversion\/","og_locale":"es_ES","og_type":"article","og_title":"El Tekov\u00e9 Poti se despide hasta el a\u00f1o que viene, a pura diversi\u00f3n - Punto de Referencia","og_description":"Con un Teko Especial, el Teko F\u00fatbol Infantil Mixto y Teko Carnaval clausura un a\u00f1o a toda orquesta, en donde","og_url":"https:\/\/puntodereferencia.com.ar\/index.php\/2022\/12\/16\/el-tekove-poti-se-despide-hasta-el-ano-que-viene-a-pura-diversion\/","og_site_name":"Punto de Referencia","article_published_time":"2022-12-16T22:36:00+00:00","article_modified_time":"2022-12-25T22:48:57+00:00","og_image":[{"width":1024,"height":1280,"url":"http:\/\/puntodereferencia.com.ar\/wp-content\/uploads\/2022\/12\/5d802601aceee9a30b8fd940ca88763f9e3844d8.jpg","path":"\/home\/u322846391\/domains\/puntodereferencia.com.ar\/public_html\/wp-content\/uploads\/2022\/12\/5d802601aceee9a30b8fd940ca88763f9e3844d8.jpg","size":"full","id":11645,"alt":"","pixels":1310720,"type":"image\/jpeg"}],"twitter_card":"summary_large_image","twitter_misc":{"Escrito por":"Jesica Ibarra","Tiempo de lectura":"3 minutos"},"schema":{"@context":"https:\/\/schema.org","@graph":[{"@type":"WebSite","@id":"https:\/\/puntodereferencia.com.ar\/#website","url":"https:\/\/puntodereferencia.com.ar\/","name":"Punto de Referencia","description":"con Miguel Pelozo","potentialAction":[{"@type":"SearchAction","target":{"@type":"EntryPoint","urlTemplate":"https:\/\/puntodereferencia.com.ar\/?s={search_term_string}"},"query-input":"required name=search_term_string"}],"inLanguage":"es"},{"@type":"ImageObject","@id":"https:\/\/puntodereferencia.com.ar\/index.php\/2022\/12\/16\/el-tekove-poti-se-despide-hasta-el-ano-que-viene-a-pura-diversion\/#primaryimage","inLanguage":"es","url":"https:\/\/puntodereferencia.com.ar\/wp-content\/uploads\/2022\/12\/5d802601aceee9a30b8fd940ca88763f9e3844d8.jpg","contentUrl":"https:\/\/puntodereferencia.com.ar\/wp-content\/uploads\/2022\/12\/5d802601aceee9a30b8fd940ca88763f9e3844d8.jpg","width":1024,"height":1280},{"@type":"WebPage","@id":"https:\/\/puntodereferencia.com.ar\/index.php\/2022\/12\/16\/el-tekove-poti-se-despide-hasta-el-ano-que-viene-a-pura-diversion\/#webpage","url":"https:\/\/puntodereferencia.com.ar\/index.php\/2022\/12\/16\/el-tekove-poti-se-despide-hasta-el-ano-que-viene-a-pura-diversion\/","name":"El Tekov\u00e9 Poti se despide hasta el a\u00f1o que viene, a pura diversi\u00f3n - Punto de Referencia","isPartOf":{"@id":"https:\/\/puntodereferencia.com.ar\/#website"},"primaryImageOfPage":{"@id":"https:\/\/puntodereferencia.com.ar\/index.php\/2022\/12\/16\/el-tekove-poti-se-despide-hasta-el-ano-que-viene-a-pura-diversion\/#primaryimage"},"datePublished":"2022-12-16T22:36:00+00:00","dateModified":"2022-12-25T22:48:57+00:00","author":{"@id":"https:\/\/puntodereferencia.com.ar\/#\/schema\/person\/20515f63cb838bea48da9f8f1b31672c"},"breadcrumb":{"@id":"https:\/\/puntodereferencia.com.ar\/index.php\/2022\/12\/16\/el-tekove-poti-se-despide-hasta-el-ano-que-viene-a-pura-diversion\/#breadcrumb"},"inLanguage":"es","potentialAction":[{"@type":"ReadAction","target":["https:\/\/puntodereferencia.com.ar\/index.php\/2022\/12\/16\/el-tekove-poti-se-despide-hasta-el-ano-que-viene-a-pura-diversion\/"]}]},{"@type":"BreadcrumbList","@id":"https:\/\/puntodereferencia.com.ar\/index.php\/2022\/12\/16\/el-tekove-poti-se-despide-hasta-el-ano-que-viene-a-pura-diversion\/#breadcrumb","itemListElement":[{"@type":"ListItem","position":1,"name":"Inicio","item":"https:\/\/puntodereferencia.com.ar\/"},{"@type":"ListItem","position":2,"name":"El Tekov\u00e9 Poti se despide hasta el a\u00f1o que viene, a pura diversi\u00f3n"}]},{"@type":"Person","@id":"https:\/\/puntodereferencia.com.ar\/#\/schema\/person\/20515f63cb838bea48da9f8f1b31672c","name":"Jesica Ibarra","image":{"@type":"ImageObject","@id":"https:\/\/puntodereferencia.com.ar\/#personlogo","inLanguage":"es","url":"https:\/\/secure.gravatar.com\/avatar\/16897d4269998dd535b4ce733bc9e85c?s=96&d=mm&r=g","contentUrl":"https:\/\/secure.gravatar.com\/avatar\/16897d4269998dd535b4ce733bc9e85c?s=96&d=mm&r=g","caption":"Jesica Ibarra"},"url":"https:\/\/puntodereferencia.com.ar\/index.php\/author\/jesica-ibarra\/"}]}},"_links":{"self":[{"href":"https:\/\/puntodereferencia.com.ar\/index.php\/wp-json\/wp\/v2\/posts\/11644"}],"collection":[{"href":"https:\/\/puntodereferencia.com.ar\/index.php\/wp-json\/wp\/v2\/posts"}],"about":[{"href":"https:\/\/puntodereferencia.com.ar\/index.php\/wp-json\/wp\/v2\/types\/post"}],"author":[{"embeddable":true,"href":"https:\/\/puntodereferencia.com.ar\/index.php\/wp-json\/wp\/v2\/users\/3"}],"replies":[{"embeddable":true,"href":"https:\/\/puntodereferencia.com.ar\/index.php\/wp-json\/wp\/v2\/comments?post=11644"}],"version-history":[{"count":1,"href":"https:\/\/puntodereferencia.com.ar\/index.php\/wp-json\/wp\/v2\/posts\/11644\/revisions"}],"predecessor-version":[{"id":11652,"href":"https:\/\/puntodereferencia.com.ar\/index.php\/wp-json\/wp\/v2\/posts\/11644\/revisions\/11652"}],"wp:featuredmedia":[{"embeddable":true,"href":"https:\/\/puntodereferencia.com.ar\/index.php\/wp-json\/wp\/v2\/media\/11645"}],"wp:attachment":[{"href":"https:\/\/puntodereferencia.com.ar\/index.php\/wp-json\/wp\/v2\/media?parent=11644"}],"wp:term":[{"taxonomy":"category","embeddable":true,"href":"https:\/\/puntodereferencia.com.ar\/index.php\/wp-json\/wp\/v2\/categories?post=11644"},{"taxonomy":"post_tag","embeddable":true,"href":"https:\/\/puntodereferencia.com.ar\/index.php\/wp-json\/wp\/v2\/tags?post=11644"}],"curies":[{"name":"wp","href":"https:\/\/api.w.org\/{rel}","templated":true}]}}