{"id":11653,"date":"2022-12-15T19:49:00","date_gmt":"2022-12-15T22:49:00","guid":{"rendered":"http:\/\/puntodereferencia.com.ar\/?p=11653"},"modified":"2022-12-25T19:56:58","modified_gmt":"2022-12-25T22:56:58","slug":"mas-de-250-personas-finalizaron-cursos-de-la-escuela-de-artes-y-oficios","status":"publish","type":"post","link":"https:\/\/puntodereferencia.com.ar\/index.php\/2022\/12\/15\/mas-de-250-personas-finalizaron-cursos-de-la-escuela-de-artes-y-oficios\/","title":{"rendered":"M\u00e1s de 250 personas finalizaron cursos de la Escuela de Artes y Oficios"},"content":{"rendered":"\n<p>Este viernes 16 de diciembre, a las 20, en el Museo de Artesan\u00edas Tradicionales (Quintana y Salta), se llevar\u00e1 a cabo el acto de cierre de la Escuela de Artes y Oficios de la Provincia, programa dependiente del Instituto de Cultura de Corrientes. M\u00e1s de 250 personas recibir\u00e1n sus certificados de talleres y cursos, dictados durante el a\u00f1o.<\/p>\n\n\n\n<p>Entre los m\u00faltiples espacios de capacitaci\u00f3n estuvieron: los de Mi\u00f1ardi, Bastidor, Soguer\u00eda como talleres de transmisi\u00f3n de t\u00e9cnicas artesanales; Jardiner\u00eda, Estampado Textil, Principios b\u00e1sicos de la confecci\u00f3n de Indumentaria como talleres de oficios; Hip Hop y Danzas Folcl\u00f3ricas como espacios de desarrollo art\u00edstico; en tanto que Lengua de Se\u00f1as fue una de las capacitaciones m\u00e1s convocantes como \u00e1mbito de inclusi\u00f3n.<\/p>\n\n\n\n<p>En 2022 se logr\u00f3 trabajar en articulaci\u00f3n con instituciones p\u00fablicas y privadas e involucr\u00f3 al Colegio Secundario del barrio Ongay, a los Centros Domingo Savio, Miguel Magone y&nbsp;Mar\u00eda de Nazaret, todos de Capital;&nbsp;Museo de Artesan\u00edas Tradicionales, Centro Cultural de San Miguel, Centro de Participaci\u00f3n Comunitaria del barrio San Jorge, Jard\u00edn Bot\u00e1nico y Centro de D\u00eda Ntra. Sra. del Huerto y&nbsp;auditorio de OSDE, lugares en los que se dieron clases y talleres; mientras que en el vivero El Norte se realizaron pasant\u00edas.<\/p>\n\n\n\n<p><strong>Programa<\/strong><\/p>\n\n\n\n<p>El programa Escuelas de Artes y Oficios fue creado para dar respuesta a diversas demandas a nivel art\u00edstico y cultural, y para contribuir a los valores est\u00e9ticos de la regi\u00f3n, as\u00ed como para generar espacios y acciones de formaci\u00f3n \u2013de educaci\u00f3n no formal-, vinculadas a los sectores cultural y productivo; en coordinaci\u00f3n con instituciones p\u00fablicas y privadas de \u00e1mbito local, provincial o nacional.<\/p>\n\n\n\n<p>As\u00ed tambi\u00e9n, es de su competencia detectar, gestionar y promover actividades y propuestas que contribuyan al bienestar individual o grupal, que garanticen el acceso y disfrute de las manifestaciones culturales y art\u00edsticas.&nbsp;<\/p>\n\n\n\n<p><strong>Declaraciones de Inter\u00e9s<\/strong><\/p>\n\n\n\n<p>Cabe se\u00f1alar que este programa fue declarado de Inter\u00e9s por el Instituto de Cultura en 2021 y 2022 mediante las resoluciones N \u00b0 0701 del 13\/10 y 2022 N\u00b0 0855 del 31\/10<\/p>\n\n\n\n<figure class=\"wp-block-image size-large\"><img decoding=\"async\" loading=\"lazy\" width=\"768\" height=\"1024\" src=\"http:\/\/puntodereferencia.com.ar\/wp-content\/uploads\/2022\/12\/53a424126da9f7031fbbeeff66d7c663b02f6d4f-768x1024.jpg\" alt=\"\" class=\"wp-image-11655\" srcset=\"https:\/\/puntodereferencia.com.ar\/wp-content\/uploads\/2022\/12\/53a424126da9f7031fbbeeff66d7c663b02f6d4f-768x1024.jpg 768w, https:\/\/puntodereferencia.com.ar\/wp-content\/uploads\/2022\/12\/53a424126da9f7031fbbeeff66d7c663b02f6d4f-225x300.jpg 225w, https:\/\/puntodereferencia.com.ar\/wp-content\/uploads\/2022\/12\/53a424126da9f7031fbbeeff66d7c663b02f6d4f.jpg 960w\" sizes=\"(max-width: 768px) 100vw, 768px\" \/><\/figure>\n\n\n\n<figure class=\"wp-block-image size-large\"><img decoding=\"async\" loading=\"lazy\" width=\"819\" height=\"1024\" src=\"http:\/\/puntodereferencia.com.ar\/wp-content\/uploads\/2022\/12\/6dc1fc167a3bde17ceb5ec9622b1711af9770266-819x1024.jpg\" alt=\"\" class=\"wp-image-11656\" srcset=\"https:\/\/puntodereferencia.com.ar\/wp-content\/uploads\/2022\/12\/6dc1fc167a3bde17ceb5ec9622b1711af9770266-819x1024.jpg 819w, https:\/\/puntodereferencia.com.ar\/wp-content\/uploads\/2022\/12\/6dc1fc167a3bde17ceb5ec9622b1711af9770266-240x300.jpg 240w, https:\/\/puntodereferencia.com.ar\/wp-content\/uploads\/2022\/12\/6dc1fc167a3bde17ceb5ec9622b1711af9770266-768x960.jpg 768w, https:\/\/puntodereferencia.com.ar\/wp-content\/uploads\/2022\/12\/6dc1fc167a3bde17ceb5ec9622b1711af9770266.jpg 1024w\" sizes=\"(max-width: 819px) 100vw, 819px\" \/><\/figure>\n\n\n\n<figure class=\"wp-block-image size-large\"><img decoding=\"async\" loading=\"lazy\" width=\"768\" height=\"1024\" src=\"http:\/\/puntodereferencia.com.ar\/wp-content\/uploads\/2022\/12\/40ca5499db41d54346163311c35478321105c704-768x1024.jpg\" alt=\"\" class=\"wp-image-11657\" srcset=\"https:\/\/puntodereferencia.com.ar\/wp-content\/uploads\/2022\/12\/40ca5499db41d54346163311c35478321105c704-768x1024.jpg 768w, https:\/\/puntodereferencia.com.ar\/wp-content\/uploads\/2022\/12\/40ca5499db41d54346163311c35478321105c704-225x300.jpg 225w, https:\/\/puntodereferencia.com.ar\/wp-content\/uploads\/2022\/12\/40ca5499db41d54346163311c35478321105c704.jpg 960w\" sizes=\"(max-width: 768px) 100vw, 768px\" \/><\/figure>\n\n\n\n<figure class=\"wp-block-image size-large\"><img decoding=\"async\" loading=\"lazy\" width=\"1024\" height=\"768\" src=\"http:\/\/puntodereferencia.com.ar\/wp-content\/uploads\/2022\/12\/dfa8093651e0c70a0d4e48dd86fb3369b90a5660-1024x768.jpg\" alt=\"\" class=\"wp-image-11658\" srcset=\"https:\/\/puntodereferencia.com.ar\/wp-content\/uploads\/2022\/12\/dfa8093651e0c70a0d4e48dd86fb3369b90a5660-1024x768.jpg 1024w, https:\/\/puntodereferencia.com.ar\/wp-content\/uploads\/2022\/12\/dfa8093651e0c70a0d4e48dd86fb3369b90a5660-300x225.jpg 300w, https:\/\/puntodereferencia.com.ar\/wp-content\/uploads\/2022\/12\/dfa8093651e0c70a0d4e48dd86fb3369b90a5660-768x576.jpg 768w, https:\/\/puntodereferencia.com.ar\/wp-content\/uploads\/2022\/12\/dfa8093651e0c70a0d4e48dd86fb3369b90a5660-1536x1152.jpg 1536w, https:\/\/puntodereferencia.com.ar\/wp-content\/uploads\/2022\/12\/dfa8093651e0c70a0d4e48dd86fb3369b90a5660.jpg 1600w\" sizes=\"(max-width: 1024px) 100vw, 1024px\" \/><\/figure>\n","protected":false},"excerpt":{"rendered":"<p>Este viernes 16 de diciembre, a las 20, en el Museo de Artesan\u00edas Tradicionales (Quintana y Salta), se llevar\u00e1 a<\/p>\n","protected":false},"author":3,"featured_media":11654,"comment_status":"open","ping_status":"open","sticky":false,"template":"","format":"standard","meta":[],"categories":[17,4,1,3,7,5],"tags":[],"yoast_head":"<!-- This site is optimized with the Yoast SEO plugin v17.2.1 - https:\/\/yoast.com\/wordpress\/plugins\/seo\/ -->\n<title>M\u00e1s de 250 personas finalizaron cursos de la Escuela de Artes y Oficios - Punto de Referencia<\/title>\n<meta name=\"robots\" content=\"index, follow, max-snippet:-1, max-image-preview:large, max-video-preview:-1\" \/>\n<link rel=\"canonical\" href=\"https:\/\/puntodereferencia.com.ar\/index.php\/2022\/12\/15\/mas-de-250-personas-finalizaron-cursos-de-la-escuela-de-artes-y-oficios\/\" \/>\n<meta property=\"og:locale\" content=\"es_ES\" \/>\n<meta property=\"og:type\" content=\"article\" \/>\n<meta property=\"og:title\" content=\"M\u00e1s de 250 personas finalizaron cursos de la Escuela de Artes y Oficios - Punto de Referencia\" \/>\n<meta property=\"og:description\" content=\"Este viernes 16 de diciembre, a las 20, en el Museo de Artesan\u00edas Tradicionales (Quintana y Salta), se llevar\u00e1 a\" \/>\n<meta property=\"og:url\" content=\"https:\/\/puntodereferencia.com.ar\/index.php\/2022\/12\/15\/mas-de-250-personas-finalizaron-cursos-de-la-escuela-de-artes-y-oficios\/\" \/>\n<meta property=\"og:site_name\" content=\"Punto de Referencia\" \/>\n<meta property=\"article:published_time\" content=\"2022-12-15T22:49:00+00:00\" \/>\n<meta property=\"article:modified_time\" content=\"2022-12-25T22:56:58+00:00\" \/>\n<meta property=\"og:image\" content=\"http:\/\/puntodereferencia.com.ar\/wp-content\/uploads\/2022\/12\/e092f0d55ea0d6d26289f40836b6c40460e5625f.jpg\" \/>\n\t<meta property=\"og:image:width\" content=\"1280\" \/>\n\t<meta property=\"og:image:height\" content=\"960\" \/>\n<meta name=\"twitter:card\" content=\"summary_large_image\" \/>\n<meta name=\"twitter:label1\" content=\"Escrito por\" \/>\n\t<meta name=\"twitter:data1\" content=\"Jesica Ibarra\" \/>\n\t<meta name=\"twitter:label2\" content=\"Tiempo de lectura\" \/>\n\t<meta name=\"twitter:data2\" content=\"3 minutos\" \/>\n<script type=\"application\/ld+json\" class=\"yoast-schema-graph\">{\"@context\":\"https:\/\/schema.org\",\"@graph\":[{\"@type\":\"WebSite\",\"@id\":\"https:\/\/puntodereferencia.com.ar\/#website\",\"url\":\"https:\/\/puntodereferencia.com.ar\/\",\"name\":\"Punto de Referencia\",\"description\":\"con Miguel Pelozo\",\"potentialAction\":[{\"@type\":\"SearchAction\",\"target\":{\"@type\":\"EntryPoint\",\"urlTemplate\":\"https:\/\/puntodereferencia.com.ar\/?s={search_term_string}\"},\"query-input\":\"required name=search_term_string\"}],\"inLanguage\":\"es\"},{\"@type\":\"ImageObject\",\"@id\":\"https:\/\/puntodereferencia.com.ar\/index.php\/2022\/12\/15\/mas-de-250-personas-finalizaron-cursos-de-la-escuela-de-artes-y-oficios\/#primaryimage\",\"inLanguage\":\"es\",\"url\":\"https:\/\/puntodereferencia.com.ar\/wp-content\/uploads\/2022\/12\/e092f0d55ea0d6d26289f40836b6c40460e5625f.jpg\",\"contentUrl\":\"https:\/\/puntodereferencia.com.ar\/wp-content\/uploads\/2022\/12\/e092f0d55ea0d6d26289f40836b6c40460e5625f.jpg\",\"width\":1280,\"height\":960},{\"@type\":\"WebPage\",\"@id\":\"https:\/\/puntodereferencia.com.ar\/index.php\/2022\/12\/15\/mas-de-250-personas-finalizaron-cursos-de-la-escuela-de-artes-y-oficios\/#webpage\",\"url\":\"https:\/\/puntodereferencia.com.ar\/index.php\/2022\/12\/15\/mas-de-250-personas-finalizaron-cursos-de-la-escuela-de-artes-y-oficios\/\",\"name\":\"M\\u00e1s de 250 personas finalizaron cursos de la Escuela de Artes y Oficios - Punto de Referencia\",\"isPartOf\":{\"@id\":\"https:\/\/puntodereferencia.com.ar\/#website\"},\"primaryImageOfPage\":{\"@id\":\"https:\/\/puntodereferencia.com.ar\/index.php\/2022\/12\/15\/mas-de-250-personas-finalizaron-cursos-de-la-escuela-de-artes-y-oficios\/#primaryimage\"},\"datePublished\":\"2022-12-15T22:49:00+00:00\",\"dateModified\":\"2022-12-25T22:56:58+00:00\",\"author\":{\"@id\":\"https:\/\/puntodereferencia.com.ar\/#\/schema\/person\/20515f63cb838bea48da9f8f1b31672c\"},\"breadcrumb\":{\"@id\":\"https:\/\/puntodereferencia.com.ar\/index.php\/2022\/12\/15\/mas-de-250-personas-finalizaron-cursos-de-la-escuela-de-artes-y-oficios\/#breadcrumb\"},\"inLanguage\":\"es\",\"potentialAction\":[{\"@type\":\"ReadAction\",\"target\":[\"https:\/\/puntodereferencia.com.ar\/index.php\/2022\/12\/15\/mas-de-250-personas-finalizaron-cursos-de-la-escuela-de-artes-y-oficios\/\"]}]},{\"@type\":\"BreadcrumbList\",\"@id\":\"https:\/\/puntodereferencia.com.ar\/index.php\/2022\/12\/15\/mas-de-250-personas-finalizaron-cursos-de-la-escuela-de-artes-y-oficios\/#breadcrumb\",\"itemListElement\":[{\"@type\":\"ListItem\",\"position\":1,\"name\":\"Inicio\",\"item\":\"https:\/\/puntodereferencia.com.ar\/\"},{\"@type\":\"ListItem\",\"position\":2,\"name\":\"M\\u00e1s de 250 personas finalizaron cursos de la Escuela de Artes y Oficios\"}]},{\"@type\":\"Person\",\"@id\":\"https:\/\/puntodereferencia.com.ar\/#\/schema\/person\/20515f63cb838bea48da9f8f1b31672c\",\"name\":\"Jesica Ibarra\",\"image\":{\"@type\":\"ImageObject\",\"@id\":\"https:\/\/puntodereferencia.com.ar\/#personlogo\",\"inLanguage\":\"es\",\"url\":\"https:\/\/secure.gravatar.com\/avatar\/16897d4269998dd535b4ce733bc9e85c?s=96&d=mm&r=g\",\"contentUrl\":\"https:\/\/secure.gravatar.com\/avatar\/16897d4269998dd535b4ce733bc9e85c?s=96&d=mm&r=g\",\"caption\":\"Jesica Ibarra\"},\"url\":\"https:\/\/puntodereferencia.com.ar\/index.php\/author\/jesica-ibarra\/\"}]}<\/script>\n<!-- \/ Yoast SEO plugin. -->","yoast_head_json":{"title":"M\u00e1s de 250 personas finalizaron cursos de la Escuela de Artes y Oficios - Punto de Referencia","robots":{"index":"index","follow":"follow","max-snippet":"max-snippet:-1","max-image-preview":"max-image-preview:large","max-video-preview":"max-video-preview:-1"},"canonical":"https:\/\/puntodereferencia.com.ar\/index.php\/2022\/12\/15\/mas-de-250-personas-finalizaron-cursos-de-la-escuela-de-artes-y-oficios\/","og_locale":"es_ES","og_type":"article","og_title":"M\u00e1s de 250 personas finalizaron cursos de la Escuela de Artes y Oficios - Punto de Referencia","og_description":"Este viernes 16 de diciembre, a las 20, en el Museo de Artesan\u00edas Tradicionales (Quintana y Salta), se llevar\u00e1 a","og_url":"https:\/\/puntodereferencia.com.ar\/index.php\/2022\/12\/15\/mas-de-250-personas-finalizaron-cursos-de-la-escuela-de-artes-y-oficios\/","og_site_name":"Punto de Referencia","article_published_time":"2022-12-15T22:49:00+00:00","article_modified_time":"2022-12-25T22:56:58+00:00","og_image":[{"width":1280,"height":960,"url":"http:\/\/puntodereferencia.com.ar\/wp-content\/uploads\/2022\/12\/e092f0d55ea0d6d26289f40836b6c40460e5625f.jpg","path":"\/home\/u322846391\/domains\/puntodereferencia.com.ar\/public_html\/wp-content\/uploads\/2022\/12\/e092f0d55ea0d6d26289f40836b6c40460e5625f.jpg","size":"full","id":11654,"alt":"","pixels":1228800,"type":"image\/jpeg"}],"twitter_card":"summary_large_image","twitter_misc":{"Escrito por":"Jesica Ibarra","Tiempo de lectura":"3 minutos"},"schema":{"@context":"https:\/\/schema.org","@graph":[{"@type":"WebSite","@id":"https:\/\/puntodereferencia.com.ar\/#website","url":"https:\/\/puntodereferencia.com.ar\/","name":"Punto de Referencia","description":"con Miguel Pelozo","potentialAction":[{"@type":"SearchAction","target":{"@type":"EntryPoint","urlTemplate":"https:\/\/puntodereferencia.com.ar\/?s={search_term_string}"},"query-input":"required name=search_term_string"}],"inLanguage":"es"},{"@type":"ImageObject","@id":"https:\/\/puntodereferencia.com.ar\/index.php\/2022\/12\/15\/mas-de-250-personas-finalizaron-cursos-de-la-escuela-de-artes-y-oficios\/#primaryimage","inLanguage":"es","url":"https:\/\/puntodereferencia.com.ar\/wp-content\/uploads\/2022\/12\/e092f0d55ea0d6d26289f40836b6c40460e5625f.jpg","contentUrl":"https:\/\/puntodereferencia.com.ar\/wp-content\/uploads\/2022\/12\/e092f0d55ea0d6d26289f40836b6c40460e5625f.jpg","width":1280,"height":960},{"@type":"WebPage","@id":"https:\/\/puntodereferencia.com.ar\/index.php\/2022\/12\/15\/mas-de-250-personas-finalizaron-cursos-de-la-escuela-de-artes-y-oficios\/#webpage","url":"https:\/\/puntodereferencia.com.ar\/index.php\/2022\/12\/15\/mas-de-250-personas-finalizaron-cursos-de-la-escuela-de-artes-y-oficios\/","name":"M\u00e1s de 250 personas finalizaron cursos de la Escuela de Artes y Oficios - Punto de Referencia","isPartOf":{"@id":"https:\/\/puntodereferencia.com.ar\/#website"},"primaryImageOfPage":{"@id":"https:\/\/puntodereferencia.com.ar\/index.php\/2022\/12\/15\/mas-de-250-personas-finalizaron-cursos-de-la-escuela-de-artes-y-oficios\/#primaryimage"},"datePublished":"2022-12-15T22:49:00+00:00","dateModified":"2022-12-25T22:56:58+00:00","author":{"@id":"https:\/\/puntodereferencia.com.ar\/#\/schema\/person\/20515f63cb838bea48da9f8f1b31672c"},"breadcrumb":{"@id":"https:\/\/puntodereferencia.com.ar\/index.php\/2022\/12\/15\/mas-de-250-personas-finalizaron-cursos-de-la-escuela-de-artes-y-oficios\/#breadcrumb"},"inLanguage":"es","potentialAction":[{"@type":"ReadAction","target":["https:\/\/puntodereferencia.com.ar\/index.php\/2022\/12\/15\/mas-de-250-personas-finalizaron-cursos-de-la-escuela-de-artes-y-oficios\/"]}]},{"@type":"BreadcrumbList","@id":"https:\/\/puntodereferencia.com.ar\/index.php\/2022\/12\/15\/mas-de-250-personas-finalizaron-cursos-de-la-escuela-de-artes-y-oficios\/#breadcrumb","itemListElement":[{"@type":"ListItem","position":1,"name":"Inicio","item":"https:\/\/puntodereferencia.com.ar\/"},{"@type":"ListItem","position":2,"name":"M\u00e1s de 250 personas finalizaron cursos de la Escuela de Artes y Oficios"}]},{"@type":"Person","@id":"https:\/\/puntodereferencia.com.ar\/#\/schema\/person\/20515f63cb838bea48da9f8f1b31672c","name":"Jesica Ibarra","image":{"@type":"ImageObject","@id":"https:\/\/puntodereferencia.com.ar\/#personlogo","inLanguage":"es","url":"https:\/\/secure.gravatar.com\/avatar\/16897d4269998dd535b4ce733bc9e85c?s=96&d=mm&r=g","contentUrl":"https:\/\/secure.gravatar.com\/avatar\/16897d4269998dd535b4ce733bc9e85c?s=96&d=mm&r=g","caption":"Jesica Ibarra"},"url":"https:\/\/puntodereferencia.com.ar\/index.php\/author\/jesica-ibarra\/"}]}},"_links":{"self":[{"href":"https:\/\/puntodereferencia.com.ar\/index.php\/wp-json\/wp\/v2\/posts\/11653"}],"collection":[{"href":"https:\/\/puntodereferencia.com.ar\/index.php\/wp-json\/wp\/v2\/posts"}],"about":[{"href":"https:\/\/puntodereferencia.com.ar\/index.php\/wp-json\/wp\/v2\/types\/post"}],"author":[{"embeddable":true,"href":"https:\/\/puntodereferencia.com.ar\/index.php\/wp-json\/wp\/v2\/users\/3"}],"replies":[{"embeddable":true,"href":"https:\/\/puntodereferencia.com.ar\/index.php\/wp-json\/wp\/v2\/comments?post=11653"}],"version-history":[{"count":1,"href":"https:\/\/puntodereferencia.com.ar\/index.php\/wp-json\/wp\/v2\/posts\/11653\/revisions"}],"predecessor-version":[{"id":11659,"href":"https:\/\/puntodereferencia.com.ar\/index.php\/wp-json\/wp\/v2\/posts\/11653\/revisions\/11659"}],"wp:featuredmedia":[{"embeddable":true,"href":"https:\/\/puntodereferencia.com.ar\/index.php\/wp-json\/wp\/v2\/media\/11654"}],"wp:attachment":[{"href":"https:\/\/puntodereferencia.com.ar\/index.php\/wp-json\/wp\/v2\/media?parent=11653"}],"wp:term":[{"taxonomy":"category","embeddable":true,"href":"https:\/\/puntodereferencia.com.ar\/index.php\/wp-json\/wp\/v2\/categories?post=11653"},{"taxonomy":"post_tag","embeddable":true,"href":"https:\/\/puntodereferencia.com.ar\/index.php\/wp-json\/wp\/v2\/tags?post=11653"}],"curies":[{"name":"wp","href":"https:\/\/api.w.org\/{rel}","templated":true}]}}