{"id":11671,"date":"2022-12-11T20:12:00","date_gmt":"2022-12-11T23:12:00","guid":{"rendered":"http:\/\/puntodereferencia.com.ar\/?p=11671"},"modified":"2022-12-25T20:15:28","modified_gmt":"2022-12-25T23:15:28","slug":"la-provincia-continua-con-las-campanas-de-vacunacion-antigripal-y-covid-19","status":"publish","type":"post","link":"https:\/\/puntodereferencia.com.ar\/index.php\/2022\/12\/11\/la-provincia-continua-con-las-campanas-de-vacunacion-antigripal-y-covid-19\/","title":{"rendered":"La Provincia continua con las campa\u00f1as de vacunacion antigripal y covid-19"},"content":{"rendered":"\n<p>El Ministerio de Salud P\u00fablica a trav\u00e9s de la Direcci\u00f3n de Inmunizaciones, contin\u00faa con la Campa\u00f1a de vacunaci\u00f3n Antigripal 2022 y Covid-19. En todos los casos se debe concurrir con libreta de vacunaci\u00f3n, DNI y la compa\u00f1\u00eda de un adulto en caso de ser menor de edad.<\/p>\n\n\n\n<p><strong>VACUNACION COVID-19&nbsp;<\/strong><\/p>\n\n\n\n<p>&#8211; DOSIS DE REFUERZO (para quienes cumplan un intervalo de al menos cuatro meses desde la ultima dosis recibida)<\/p>\n\n\n\n<p>Lunes a viernes de 9 a 18.<\/p>\n\n\n\n<p>CAPS N\u00b01 barrio San Jos\u00e9 y CAPS N\u00b014 barrio Juan de Vera.<\/p>\n\n\n\n<p>&#8211; PRIMERA, SEGUNDA Y DOSIS DE REFUERZO<\/p>\n\n\n\n<p>Lunes a viernes de 8 a 12 y de 14 a 17.<\/p>\n\n\n\n<p>Facultad de Medicina (ingreso por Rivadavia).<\/p>\n\n\n\n<p><strong>VACUNACION ANTIGRIPAL<\/strong><\/p>\n\n\n\n<p>Lunes a viernes de 8 a 12 y de 14 a 17.<\/p>\n\n\n\n<p>Facultad de Medicina (ingreso por Rivadavia).<\/p>\n\n\n\n<figure class=\"wp-block-image size-large\"><img decoding=\"async\" loading=\"lazy\" width=\"1024\" height=\"1024\" src=\"http:\/\/puntodereferencia.com.ar\/wp-content\/uploads\/2022\/12\/baad05b17fe1a12d5dbe384e18adef4c22186933-1024x1024.jpg\" alt=\"\" class=\"wp-image-11673\" srcset=\"https:\/\/puntodereferencia.com.ar\/wp-content\/uploads\/2022\/12\/baad05b17fe1a12d5dbe384e18adef4c22186933-1024x1024.jpg 1024w, https:\/\/puntodereferencia.com.ar\/wp-content\/uploads\/2022\/12\/baad05b17fe1a12d5dbe384e18adef4c22186933-300x300.jpg 300w, https:\/\/puntodereferencia.com.ar\/wp-content\/uploads\/2022\/12\/baad05b17fe1a12d5dbe384e18adef4c22186933-150x150.jpg 150w, https:\/\/puntodereferencia.com.ar\/wp-content\/uploads\/2022\/12\/baad05b17fe1a12d5dbe384e18adef4c22186933-768x768.jpg 768w, https:\/\/puntodereferencia.com.ar\/wp-content\/uploads\/2022\/12\/baad05b17fe1a12d5dbe384e18adef4c22186933.jpg 1280w\" sizes=\"(max-width: 1024px) 100vw, 1024px\" \/><\/figure>\n","protected":false},"excerpt":{"rendered":"<p>El Ministerio de Salud P\u00fablica a trav\u00e9s de la Direcci\u00f3n de Inmunizaciones, contin\u00faa con la Campa\u00f1a de vacunaci\u00f3n Antigripal 2022<\/p>\n","protected":false},"author":3,"featured_media":11672,"comment_status":"open","ping_status":"open","sticky":false,"template":"","format":"standard","meta":[],"categories":[3,7,9,5],"tags":[],"yoast_head":"<!-- This site is optimized with the Yoast SEO plugin v17.2.1 - https:\/\/yoast.com\/wordpress\/plugins\/seo\/ -->\n<title>La Provincia continua con las campa\u00f1as de vacunacion antigripal y covid-19 - Punto de Referencia<\/title>\n<meta name=\"robots\" content=\"index, follow, max-snippet:-1, max-image-preview:large, max-video-preview:-1\" \/>\n<link rel=\"canonical\" href=\"https:\/\/puntodereferencia.com.ar\/index.php\/2022\/12\/11\/la-provincia-continua-con-las-campanas-de-vacunacion-antigripal-y-covid-19\/\" \/>\n<meta property=\"og:locale\" content=\"es_ES\" \/>\n<meta property=\"og:type\" content=\"article\" \/>\n<meta property=\"og:title\" content=\"La Provincia continua con las campa\u00f1as de vacunacion antigripal y covid-19 - Punto de Referencia\" \/>\n<meta property=\"og:description\" content=\"El Ministerio de Salud P\u00fablica a trav\u00e9s de la Direcci\u00f3n de Inmunizaciones, contin\u00faa con la Campa\u00f1a de vacunaci\u00f3n Antigripal 2022\" \/>\n<meta property=\"og:url\" content=\"https:\/\/puntodereferencia.com.ar\/index.php\/2022\/12\/11\/la-provincia-continua-con-las-campanas-de-vacunacion-antigripal-y-covid-19\/\" \/>\n<meta property=\"og:site_name\" content=\"Punto de Referencia\" \/>\n<meta property=\"article:published_time\" content=\"2022-12-11T23:12:00+00:00\" \/>\n<meta property=\"article:modified_time\" content=\"2022-12-25T23:15:28+00:00\" \/>\n<meta property=\"og:image\" content=\"http:\/\/puntodereferencia.com.ar\/wp-content\/uploads\/2022\/12\/f7996631d47a73619201a9f10fa20f4de3a67655.jpg\" \/>\n\t<meta property=\"og:image:width\" content=\"1280\" \/>\n\t<meta property=\"og:image:height\" content=\"1280\" \/>\n<meta name=\"twitter:card\" content=\"summary_large_image\" \/>\n<meta name=\"twitter:label1\" content=\"Escrito por\" \/>\n\t<meta name=\"twitter:data1\" content=\"Jesica Ibarra\" \/>\n\t<meta name=\"twitter:label2\" content=\"Tiempo de lectura\" \/>\n\t<meta name=\"twitter:data2\" content=\"1 minuto\" \/>\n<script type=\"application\/ld+json\" class=\"yoast-schema-graph\">{\"@context\":\"https:\/\/schema.org\",\"@graph\":[{\"@type\":\"WebSite\",\"@id\":\"https:\/\/puntodereferencia.com.ar\/#website\",\"url\":\"https:\/\/puntodereferencia.com.ar\/\",\"name\":\"Punto de Referencia\",\"description\":\"con Miguel Pelozo\",\"potentialAction\":[{\"@type\":\"SearchAction\",\"target\":{\"@type\":\"EntryPoint\",\"urlTemplate\":\"https:\/\/puntodereferencia.com.ar\/?s={search_term_string}\"},\"query-input\":\"required name=search_term_string\"}],\"inLanguage\":\"es\"},{\"@type\":\"ImageObject\",\"@id\":\"https:\/\/puntodereferencia.com.ar\/index.php\/2022\/12\/11\/la-provincia-continua-con-las-campanas-de-vacunacion-antigripal-y-covid-19\/#primaryimage\",\"inLanguage\":\"es\",\"url\":\"https:\/\/puntodereferencia.com.ar\/wp-content\/uploads\/2022\/12\/f7996631d47a73619201a9f10fa20f4de3a67655.jpg\",\"contentUrl\":\"https:\/\/puntodereferencia.com.ar\/wp-content\/uploads\/2022\/12\/f7996631d47a73619201a9f10fa20f4de3a67655.jpg\",\"width\":1280,\"height\":1280},{\"@type\":\"WebPage\",\"@id\":\"https:\/\/puntodereferencia.com.ar\/index.php\/2022\/12\/11\/la-provincia-continua-con-las-campanas-de-vacunacion-antigripal-y-covid-19\/#webpage\",\"url\":\"https:\/\/puntodereferencia.com.ar\/index.php\/2022\/12\/11\/la-provincia-continua-con-las-campanas-de-vacunacion-antigripal-y-covid-19\/\",\"name\":\"La Provincia continua con las campa\\u00f1as de vacunacion antigripal y covid-19 - Punto de Referencia\",\"isPartOf\":{\"@id\":\"https:\/\/puntodereferencia.com.ar\/#website\"},\"primaryImageOfPage\":{\"@id\":\"https:\/\/puntodereferencia.com.ar\/index.php\/2022\/12\/11\/la-provincia-continua-con-las-campanas-de-vacunacion-antigripal-y-covid-19\/#primaryimage\"},\"datePublished\":\"2022-12-11T23:12:00+00:00\",\"dateModified\":\"2022-12-25T23:15:28+00:00\",\"author\":{\"@id\":\"https:\/\/puntodereferencia.com.ar\/#\/schema\/person\/20515f63cb838bea48da9f8f1b31672c\"},\"breadcrumb\":{\"@id\":\"https:\/\/puntodereferencia.com.ar\/index.php\/2022\/12\/11\/la-provincia-continua-con-las-campanas-de-vacunacion-antigripal-y-covid-19\/#breadcrumb\"},\"inLanguage\":\"es\",\"potentialAction\":[{\"@type\":\"ReadAction\",\"target\":[\"https:\/\/puntodereferencia.com.ar\/index.php\/2022\/12\/11\/la-provincia-continua-con-las-campanas-de-vacunacion-antigripal-y-covid-19\/\"]}]},{\"@type\":\"BreadcrumbList\",\"@id\":\"https:\/\/puntodereferencia.com.ar\/index.php\/2022\/12\/11\/la-provincia-continua-con-las-campanas-de-vacunacion-antigripal-y-covid-19\/#breadcrumb\",\"itemListElement\":[{\"@type\":\"ListItem\",\"position\":1,\"name\":\"Inicio\",\"item\":\"https:\/\/puntodereferencia.com.ar\/\"},{\"@type\":\"ListItem\",\"position\":2,\"name\":\"La Provincia continua con las campa\\u00f1as de vacunacion antigripal y covid-19\"}]},{\"@type\":\"Person\",\"@id\":\"https:\/\/puntodereferencia.com.ar\/#\/schema\/person\/20515f63cb838bea48da9f8f1b31672c\",\"name\":\"Jesica Ibarra\",\"image\":{\"@type\":\"ImageObject\",\"@id\":\"https:\/\/puntodereferencia.com.ar\/#personlogo\",\"inLanguage\":\"es\",\"url\":\"https:\/\/secure.gravatar.com\/avatar\/16897d4269998dd535b4ce733bc9e85c?s=96&d=mm&r=g\",\"contentUrl\":\"https:\/\/secure.gravatar.com\/avatar\/16897d4269998dd535b4ce733bc9e85c?s=96&d=mm&r=g\",\"caption\":\"Jesica Ibarra\"},\"url\":\"https:\/\/puntodereferencia.com.ar\/index.php\/author\/jesica-ibarra\/\"}]}<\/script>\n<!-- \/ Yoast SEO plugin. -->","yoast_head_json":{"title":"La Provincia continua con las campa\u00f1as de vacunacion antigripal y covid-19 - Punto de Referencia","robots":{"index":"index","follow":"follow","max-snippet":"max-snippet:-1","max-image-preview":"max-image-preview:large","max-video-preview":"max-video-preview:-1"},"canonical":"https:\/\/puntodereferencia.com.ar\/index.php\/2022\/12\/11\/la-provincia-continua-con-las-campanas-de-vacunacion-antigripal-y-covid-19\/","og_locale":"es_ES","og_type":"article","og_title":"La Provincia continua con las campa\u00f1as de vacunacion antigripal y covid-19 - Punto de Referencia","og_description":"El Ministerio de Salud P\u00fablica a trav\u00e9s de la Direcci\u00f3n de Inmunizaciones, contin\u00faa con la Campa\u00f1a de vacunaci\u00f3n Antigripal 2022","og_url":"https:\/\/puntodereferencia.com.ar\/index.php\/2022\/12\/11\/la-provincia-continua-con-las-campanas-de-vacunacion-antigripal-y-covid-19\/","og_site_name":"Punto de Referencia","article_published_time":"2022-12-11T23:12:00+00:00","article_modified_time":"2022-12-25T23:15:28+00:00","og_image":[{"width":1280,"height":1280,"url":"http:\/\/puntodereferencia.com.ar\/wp-content\/uploads\/2022\/12\/f7996631d47a73619201a9f10fa20f4de3a67655.jpg","path":"\/home\/u322846391\/domains\/puntodereferencia.com.ar\/public_html\/wp-content\/uploads\/2022\/12\/f7996631d47a73619201a9f10fa20f4de3a67655.jpg","size":"full","id":11672,"alt":"","pixels":1638400,"type":"image\/jpeg"}],"twitter_card":"summary_large_image","twitter_misc":{"Escrito por":"Jesica Ibarra","Tiempo de lectura":"1 minuto"},"schema":{"@context":"https:\/\/schema.org","@graph":[{"@type":"WebSite","@id":"https:\/\/puntodereferencia.com.ar\/#website","url":"https:\/\/puntodereferencia.com.ar\/","name":"Punto de Referencia","description":"con Miguel Pelozo","potentialAction":[{"@type":"SearchAction","target":{"@type":"EntryPoint","urlTemplate":"https:\/\/puntodereferencia.com.ar\/?s={search_term_string}"},"query-input":"required name=search_term_string"}],"inLanguage":"es"},{"@type":"ImageObject","@id":"https:\/\/puntodereferencia.com.ar\/index.php\/2022\/12\/11\/la-provincia-continua-con-las-campanas-de-vacunacion-antigripal-y-covid-19\/#primaryimage","inLanguage":"es","url":"https:\/\/puntodereferencia.com.ar\/wp-content\/uploads\/2022\/12\/f7996631d47a73619201a9f10fa20f4de3a67655.jpg","contentUrl":"https:\/\/puntodereferencia.com.ar\/wp-content\/uploads\/2022\/12\/f7996631d47a73619201a9f10fa20f4de3a67655.jpg","width":1280,"height":1280},{"@type":"WebPage","@id":"https:\/\/puntodereferencia.com.ar\/index.php\/2022\/12\/11\/la-provincia-continua-con-las-campanas-de-vacunacion-antigripal-y-covid-19\/#webpage","url":"https:\/\/puntodereferencia.com.ar\/index.php\/2022\/12\/11\/la-provincia-continua-con-las-campanas-de-vacunacion-antigripal-y-covid-19\/","name":"La Provincia continua con las campa\u00f1as de vacunacion antigripal y covid-19 - Punto de Referencia","isPartOf":{"@id":"https:\/\/puntodereferencia.com.ar\/#website"},"primaryImageOfPage":{"@id":"https:\/\/puntodereferencia.com.ar\/index.php\/2022\/12\/11\/la-provincia-continua-con-las-campanas-de-vacunacion-antigripal-y-covid-19\/#primaryimage"},"datePublished":"2022-12-11T23:12:00+00:00","dateModified":"2022-12-25T23:15:28+00:00","author":{"@id":"https:\/\/puntodereferencia.com.ar\/#\/schema\/person\/20515f63cb838bea48da9f8f1b31672c"},"breadcrumb":{"@id":"https:\/\/puntodereferencia.com.ar\/index.php\/2022\/12\/11\/la-provincia-continua-con-las-campanas-de-vacunacion-antigripal-y-covid-19\/#breadcrumb"},"inLanguage":"es","potentialAction":[{"@type":"ReadAction","target":["https:\/\/puntodereferencia.com.ar\/index.php\/2022\/12\/11\/la-provincia-continua-con-las-campanas-de-vacunacion-antigripal-y-covid-19\/"]}]},{"@type":"BreadcrumbList","@id":"https:\/\/puntodereferencia.com.ar\/index.php\/2022\/12\/11\/la-provincia-continua-con-las-campanas-de-vacunacion-antigripal-y-covid-19\/#breadcrumb","itemListElement":[{"@type":"ListItem","position":1,"name":"Inicio","item":"https:\/\/puntodereferencia.com.ar\/"},{"@type":"ListItem","position":2,"name":"La Provincia continua con las campa\u00f1as de vacunacion antigripal y covid-19"}]},{"@type":"Person","@id":"https:\/\/puntodereferencia.com.ar\/#\/schema\/person\/20515f63cb838bea48da9f8f1b31672c","name":"Jesica Ibarra","image":{"@type":"ImageObject","@id":"https:\/\/puntodereferencia.com.ar\/#personlogo","inLanguage":"es","url":"https:\/\/secure.gravatar.com\/avatar\/16897d4269998dd535b4ce733bc9e85c?s=96&d=mm&r=g","contentUrl":"https:\/\/secure.gravatar.com\/avatar\/16897d4269998dd535b4ce733bc9e85c?s=96&d=mm&r=g","caption":"Jesica Ibarra"},"url":"https:\/\/puntodereferencia.com.ar\/index.php\/author\/jesica-ibarra\/"}]}},"_links":{"self":[{"href":"https:\/\/puntodereferencia.com.ar\/index.php\/wp-json\/wp\/v2\/posts\/11671"}],"collection":[{"href":"https:\/\/puntodereferencia.com.ar\/index.php\/wp-json\/wp\/v2\/posts"}],"about":[{"href":"https:\/\/puntodereferencia.com.ar\/index.php\/wp-json\/wp\/v2\/types\/post"}],"author":[{"embeddable":true,"href":"https:\/\/puntodereferencia.com.ar\/index.php\/wp-json\/wp\/v2\/users\/3"}],"replies":[{"embeddable":true,"href":"https:\/\/puntodereferencia.com.ar\/index.php\/wp-json\/wp\/v2\/comments?post=11671"}],"version-history":[{"count":1,"href":"https:\/\/puntodereferencia.com.ar\/index.php\/wp-json\/wp\/v2\/posts\/11671\/revisions"}],"predecessor-version":[{"id":11674,"href":"https:\/\/puntodereferencia.com.ar\/index.php\/wp-json\/wp\/v2\/posts\/11671\/revisions\/11674"}],"wp:featuredmedia":[{"embeddable":true,"href":"https:\/\/puntodereferencia.com.ar\/index.php\/wp-json\/wp\/v2\/media\/11672"}],"wp:attachment":[{"href":"https:\/\/puntodereferencia.com.ar\/index.php\/wp-json\/wp\/v2\/media?parent=11671"}],"wp:term":[{"taxonomy":"category","embeddable":true,"href":"https:\/\/puntodereferencia.com.ar\/index.php\/wp-json\/wp\/v2\/categories?post=11671"},{"taxonomy":"post_tag","embeddable":true,"href":"https:\/\/puntodereferencia.com.ar\/index.php\/wp-json\/wp\/v2\/tags?post=11671"}],"curies":[{"name":"wp","href":"https:\/\/api.w.org\/{rel}","templated":true}]}}