{"id":11675,"date":"2022-12-10T20:17:00","date_gmt":"2022-12-10T23:17:00","guid":{"rendered":"http:\/\/puntodereferencia.com.ar\/?p=11675"},"modified":"2022-12-25T20:22:47","modified_gmt":"2022-12-25T23:22:47","slug":"gastronomicos-y-artesanos-presentes-en-el-predio-de-la-ex-penitenciaria","status":"publish","type":"post","link":"https:\/\/puntodereferencia.com.ar\/index.php\/2022\/12\/10\/gastronomicos-y-artesanos-presentes-en-el-predio-de-la-ex-penitenciaria\/","title":{"rendered":"Gastron\u00f3micos y artesanos presentes en el predio de la ex penitenciar\u00eda"},"content":{"rendered":"\n<p>Desde el jueves 8, comenz\u00f3 la Fiesta de la Unidad en el ex predio penitenciario que se encuentra ubicado en la bajada del Puente General Belgrano. Los emprendedores tambi\u00e9n son parte de esta propuesta del Gobierno Provincial.<\/p>\n\n\n\n<p>El Ministerio de Desarrollo Social, a trav\u00e9s de la Direcci\u00f3n de Comercializaci\u00f3n, junto a los emprendedores de la Feria se sumaron a esta gran propuesta del Gobierno Provincial de presentar un nuevo polo gastron\u00f3mico.<\/p>\n\n\n\n<p>M\u00e1s de 15 emprendedores, est\u00e1n presentes en el predio que durante todo el fin de semana estar\u00e1n exhibiendo las instalaciones de lo que era la c\u00e1rcel antes.<\/p>\n\n\n\n<p>Al tiempo que se puede disfrutar de espect\u00e1culos art\u00edsticos y patio de comidas.<\/p>\n\n\n\n<p>\u201cDesde el Ministerio participamos de la Fiesta de la Unidad, con artesanos y emprendedores gastron\u00f3micos, nosotros muy contentos con los resultados \u00b4porque en la primera noche se agotaron todos los productos que se hab\u00eda llevado para vender. El 90% para las 12 de la noche ya hab\u00edan vendido todo, en cuanto a gastronom\u00eda. En esta primera jornada, m\u00e1s de 1.500 personas pasaron por el sector artesanal y gastron\u00f3mico, as\u00ed que esperamos que sigan visitando el predio, hasta el domingo desde las 20 pueden hacerlo. Adem\u00e1s agradecemos al Gobernador Gustavo Vald\u00e9s y al Ministro Ad\u00e1n Gaya por habernos invitado a ser parte de esta propuesta que sin duda ser\u00e1 un \u00e9xito\u201d, coment\u00f3 D\u00e9bora Galarza Alcaraz, directora del Comercializaci\u00f3n del Ministerio de Desarrollo Social.<\/p>\n\n\n\n<p>Organizado por la Secretar\u00eda General de la Gobernaci\u00f3n, el Instituto de Cultura y la Municipalidad de Corrientes, se lleva a cabo hasta el domingo venidero, esta propuesta que se desarrolla en el predio de la vieja c\u00e1rcel, ubicada sobre Avenida 3 de Abril 57.<\/p>\n\n\n\n<p>El proyecto de refuncionalizaci\u00f3n de la Ex Unidad Penal N\u00ba1, tiene como objetivo crear un polo de innovaci\u00f3n y desarrollo estrat\u00e9gico para Corrientes, en el predio que cuenta con una ubicaci\u00f3n privilegiada y una importante carga hist\u00f3rica, a fin de destinarlo a lograr un nuevo atractivo que potencie la cultura, el turismo, la gastronom\u00eda y el comercio, tanto para la ciudad Capital como para la Provincia. La decisi\u00f3n pol\u00edtica es que todo este edificio quede por siempre en el patrimonio de los correntinos.<\/p>\n\n\n\n<figure class=\"wp-block-image size-large\"><img decoding=\"async\" loading=\"lazy\" width=\"1024\" height=\"729\" src=\"http:\/\/puntodereferencia.com.ar\/wp-content\/uploads\/2022\/12\/551e8c107e72910de53b334451c6dddb1bfe2b76-1024x729.jpg\" alt=\"\" class=\"wp-image-11677\" srcset=\"https:\/\/puntodereferencia.com.ar\/wp-content\/uploads\/2022\/12\/551e8c107e72910de53b334451c6dddb1bfe2b76-1024x729.jpg 1024w, https:\/\/puntodereferencia.com.ar\/wp-content\/uploads\/2022\/12\/551e8c107e72910de53b334451c6dddb1bfe2b76-300x214.jpg 300w, https:\/\/puntodereferencia.com.ar\/wp-content\/uploads\/2022\/12\/551e8c107e72910de53b334451c6dddb1bfe2b76-768x547.jpg 768w, https:\/\/puntodereferencia.com.ar\/wp-content\/uploads\/2022\/12\/551e8c107e72910de53b334451c6dddb1bfe2b76.jpg 1330w\" sizes=\"(max-width: 1024px) 100vw, 1024px\" \/><\/figure>\n\n\n\n<figure class=\"wp-block-image size-large\"><img decoding=\"async\" loading=\"lazy\" width=\"1024\" height=\"683\" src=\"http:\/\/puntodereferencia.com.ar\/wp-content\/uploads\/2022\/12\/5fe92483149ed88f98ee814e1bab93fb40f10131-1024x683.jpg\" alt=\"\" class=\"wp-image-11678\" srcset=\"https:\/\/puntodereferencia.com.ar\/wp-content\/uploads\/2022\/12\/5fe92483149ed88f98ee814e1bab93fb40f10131-1024x683.jpg 1024w, https:\/\/puntodereferencia.com.ar\/wp-content\/uploads\/2022\/12\/5fe92483149ed88f98ee814e1bab93fb40f10131-300x200.jpg 300w, https:\/\/puntodereferencia.com.ar\/wp-content\/uploads\/2022\/12\/5fe92483149ed88f98ee814e1bab93fb40f10131-768x512.jpg 768w, https:\/\/puntodereferencia.com.ar\/wp-content\/uploads\/2022\/12\/5fe92483149ed88f98ee814e1bab93fb40f10131-1536x1024.jpg 1536w, https:\/\/puntodereferencia.com.ar\/wp-content\/uploads\/2022\/12\/5fe92483149ed88f98ee814e1bab93fb40f10131.jpg 1599w\" sizes=\"(max-width: 1024px) 100vw, 1024px\" \/><\/figure>\n\n\n\n<figure class=\"wp-block-image size-large\"><img decoding=\"async\" loading=\"lazy\" width=\"1024\" height=\"683\" src=\"http:\/\/puntodereferencia.com.ar\/wp-content\/uploads\/2022\/12\/64a15a1c11c617ae4dc3f5e414239aa53cdcd277-1024x683.jpg\" alt=\"\" class=\"wp-image-11679\" srcset=\"https:\/\/puntodereferencia.com.ar\/wp-content\/uploads\/2022\/12\/64a15a1c11c617ae4dc3f5e414239aa53cdcd277-1024x683.jpg 1024w, https:\/\/puntodereferencia.com.ar\/wp-content\/uploads\/2022\/12\/64a15a1c11c617ae4dc3f5e414239aa53cdcd277-300x200.jpg 300w, https:\/\/puntodereferencia.com.ar\/wp-content\/uploads\/2022\/12\/64a15a1c11c617ae4dc3f5e414239aa53cdcd277-768x512.jpg 768w, https:\/\/puntodereferencia.com.ar\/wp-content\/uploads\/2022\/12\/64a15a1c11c617ae4dc3f5e414239aa53cdcd277-1536x1024.jpg 1536w, https:\/\/puntodereferencia.com.ar\/wp-content\/uploads\/2022\/12\/64a15a1c11c617ae4dc3f5e414239aa53cdcd277.jpg 1599w\" sizes=\"(max-width: 1024px) 100vw, 1024px\" \/><\/figure>\n","protected":false},"excerpt":{"rendered":"<p>Desde el jueves 8, comenz\u00f3 la Fiesta de la Unidad en el ex predio penitenciario que se encuentra ubicado en<\/p>\n","protected":false},"author":3,"featured_media":11676,"comment_status":"open","ping_status":"open","sticky":false,"template":"","format":"standard","meta":[],"categories":[15,3,7,5],"tags":[],"yoast_head":"<!-- This site is optimized with the Yoast SEO plugin v17.2.1 - https:\/\/yoast.com\/wordpress\/plugins\/seo\/ -->\n<title>Gastron\u00f3micos y artesanos presentes en el predio de la ex penitenciar\u00eda - Punto de Referencia<\/title>\n<meta name=\"robots\" content=\"index, follow, max-snippet:-1, max-image-preview:large, max-video-preview:-1\" \/>\n<link rel=\"canonical\" href=\"https:\/\/puntodereferencia.com.ar\/index.php\/2022\/12\/10\/gastronomicos-y-artesanos-presentes-en-el-predio-de-la-ex-penitenciaria\/\" \/>\n<meta property=\"og:locale\" content=\"es_ES\" \/>\n<meta property=\"og:type\" content=\"article\" \/>\n<meta property=\"og:title\" content=\"Gastron\u00f3micos y artesanos presentes en el predio de la ex penitenciar\u00eda - Punto de Referencia\" \/>\n<meta property=\"og:description\" content=\"Desde el jueves 8, comenz\u00f3 la Fiesta de la Unidad en el ex predio penitenciario que se encuentra ubicado en\" \/>\n<meta property=\"og:url\" content=\"https:\/\/puntodereferencia.com.ar\/index.php\/2022\/12\/10\/gastronomicos-y-artesanos-presentes-en-el-predio-de-la-ex-penitenciaria\/\" \/>\n<meta property=\"og:site_name\" content=\"Punto de Referencia\" \/>\n<meta property=\"article:published_time\" content=\"2022-12-10T23:17:00+00:00\" \/>\n<meta property=\"article:modified_time\" content=\"2022-12-25T23:22:47+00:00\" \/>\n<meta property=\"og:image\" content=\"http:\/\/puntodereferencia.com.ar\/wp-content\/uploads\/2022\/12\/8cd88280a089941f43cb88998a0736b597a9cb3f.jpg\" \/>\n\t<meta property=\"og:image:width\" content=\"1599\" \/>\n\t<meta property=\"og:image:height\" content=\"1066\" \/>\n<meta name=\"twitter:card\" content=\"summary_large_image\" \/>\n<meta name=\"twitter:label1\" content=\"Escrito por\" \/>\n\t<meta name=\"twitter:data1\" content=\"Jesica Ibarra\" \/>\n\t<meta name=\"twitter:label2\" content=\"Tiempo de lectura\" \/>\n\t<meta name=\"twitter:data2\" content=\"3 minutos\" \/>\n<script type=\"application\/ld+json\" class=\"yoast-schema-graph\">{\"@context\":\"https:\/\/schema.org\",\"@graph\":[{\"@type\":\"WebSite\",\"@id\":\"https:\/\/puntodereferencia.com.ar\/#website\",\"url\":\"https:\/\/puntodereferencia.com.ar\/\",\"name\":\"Punto de Referencia\",\"description\":\"con Miguel Pelozo\",\"potentialAction\":[{\"@type\":\"SearchAction\",\"target\":{\"@type\":\"EntryPoint\",\"urlTemplate\":\"https:\/\/puntodereferencia.com.ar\/?s={search_term_string}\"},\"query-input\":\"required name=search_term_string\"}],\"inLanguage\":\"es\"},{\"@type\":\"ImageObject\",\"@id\":\"https:\/\/puntodereferencia.com.ar\/index.php\/2022\/12\/10\/gastronomicos-y-artesanos-presentes-en-el-predio-de-la-ex-penitenciaria\/#primaryimage\",\"inLanguage\":\"es\",\"url\":\"https:\/\/puntodereferencia.com.ar\/wp-content\/uploads\/2022\/12\/8cd88280a089941f43cb88998a0736b597a9cb3f.jpg\",\"contentUrl\":\"https:\/\/puntodereferencia.com.ar\/wp-content\/uploads\/2022\/12\/8cd88280a089941f43cb88998a0736b597a9cb3f.jpg\",\"width\":1599,\"height\":1066},{\"@type\":\"WebPage\",\"@id\":\"https:\/\/puntodereferencia.com.ar\/index.php\/2022\/12\/10\/gastronomicos-y-artesanos-presentes-en-el-predio-de-la-ex-penitenciaria\/#webpage\",\"url\":\"https:\/\/puntodereferencia.com.ar\/index.php\/2022\/12\/10\/gastronomicos-y-artesanos-presentes-en-el-predio-de-la-ex-penitenciaria\/\",\"name\":\"Gastron\\u00f3micos y artesanos presentes en el predio de la ex penitenciar\\u00eda - Punto de Referencia\",\"isPartOf\":{\"@id\":\"https:\/\/puntodereferencia.com.ar\/#website\"},\"primaryImageOfPage\":{\"@id\":\"https:\/\/puntodereferencia.com.ar\/index.php\/2022\/12\/10\/gastronomicos-y-artesanos-presentes-en-el-predio-de-la-ex-penitenciaria\/#primaryimage\"},\"datePublished\":\"2022-12-10T23:17:00+00:00\",\"dateModified\":\"2022-12-25T23:22:47+00:00\",\"author\":{\"@id\":\"https:\/\/puntodereferencia.com.ar\/#\/schema\/person\/20515f63cb838bea48da9f8f1b31672c\"},\"breadcrumb\":{\"@id\":\"https:\/\/puntodereferencia.com.ar\/index.php\/2022\/12\/10\/gastronomicos-y-artesanos-presentes-en-el-predio-de-la-ex-penitenciaria\/#breadcrumb\"},\"inLanguage\":\"es\",\"potentialAction\":[{\"@type\":\"ReadAction\",\"target\":[\"https:\/\/puntodereferencia.com.ar\/index.php\/2022\/12\/10\/gastronomicos-y-artesanos-presentes-en-el-predio-de-la-ex-penitenciaria\/\"]}]},{\"@type\":\"BreadcrumbList\",\"@id\":\"https:\/\/puntodereferencia.com.ar\/index.php\/2022\/12\/10\/gastronomicos-y-artesanos-presentes-en-el-predio-de-la-ex-penitenciaria\/#breadcrumb\",\"itemListElement\":[{\"@type\":\"ListItem\",\"position\":1,\"name\":\"Inicio\",\"item\":\"https:\/\/puntodereferencia.com.ar\/\"},{\"@type\":\"ListItem\",\"position\":2,\"name\":\"Gastron\\u00f3micos y artesanos presentes en el predio de la ex penitenciar\\u00eda\"}]},{\"@type\":\"Person\",\"@id\":\"https:\/\/puntodereferencia.com.ar\/#\/schema\/person\/20515f63cb838bea48da9f8f1b31672c\",\"name\":\"Jesica Ibarra\",\"image\":{\"@type\":\"ImageObject\",\"@id\":\"https:\/\/puntodereferencia.com.ar\/#personlogo\",\"inLanguage\":\"es\",\"url\":\"https:\/\/secure.gravatar.com\/avatar\/16897d4269998dd535b4ce733bc9e85c?s=96&d=mm&r=g\",\"contentUrl\":\"https:\/\/secure.gravatar.com\/avatar\/16897d4269998dd535b4ce733bc9e85c?s=96&d=mm&r=g\",\"caption\":\"Jesica Ibarra\"},\"url\":\"https:\/\/puntodereferencia.com.ar\/index.php\/author\/jesica-ibarra\/\"}]}<\/script>\n<!-- \/ Yoast SEO plugin. -->","yoast_head_json":{"title":"Gastron\u00f3micos y artesanos presentes en el predio de la ex penitenciar\u00eda - Punto de Referencia","robots":{"index":"index","follow":"follow","max-snippet":"max-snippet:-1","max-image-preview":"max-image-preview:large","max-video-preview":"max-video-preview:-1"},"canonical":"https:\/\/puntodereferencia.com.ar\/index.php\/2022\/12\/10\/gastronomicos-y-artesanos-presentes-en-el-predio-de-la-ex-penitenciaria\/","og_locale":"es_ES","og_type":"article","og_title":"Gastron\u00f3micos y artesanos presentes en el predio de la ex penitenciar\u00eda - Punto de Referencia","og_description":"Desde el jueves 8, comenz\u00f3 la Fiesta de la Unidad en el ex predio penitenciario que se encuentra ubicado en","og_url":"https:\/\/puntodereferencia.com.ar\/index.php\/2022\/12\/10\/gastronomicos-y-artesanos-presentes-en-el-predio-de-la-ex-penitenciaria\/","og_site_name":"Punto de Referencia","article_published_time":"2022-12-10T23:17:00+00:00","article_modified_time":"2022-12-25T23:22:47+00:00","og_image":[{"width":1599,"height":1066,"url":"http:\/\/puntodereferencia.com.ar\/wp-content\/uploads\/2022\/12\/8cd88280a089941f43cb88998a0736b597a9cb3f.jpg","path":"\/home\/u322846391\/domains\/puntodereferencia.com.ar\/public_html\/wp-content\/uploads\/2022\/12\/8cd88280a089941f43cb88998a0736b597a9cb3f.jpg","size":"full","id":11676,"alt":"","pixels":1704534,"type":"image\/jpeg"}],"twitter_card":"summary_large_image","twitter_misc":{"Escrito por":"Jesica Ibarra","Tiempo de lectura":"3 minutos"},"schema":{"@context":"https:\/\/schema.org","@graph":[{"@type":"WebSite","@id":"https:\/\/puntodereferencia.com.ar\/#website","url":"https:\/\/puntodereferencia.com.ar\/","name":"Punto de Referencia","description":"con Miguel Pelozo","potentialAction":[{"@type":"SearchAction","target":{"@type":"EntryPoint","urlTemplate":"https:\/\/puntodereferencia.com.ar\/?s={search_term_string}"},"query-input":"required name=search_term_string"}],"inLanguage":"es"},{"@type":"ImageObject","@id":"https:\/\/puntodereferencia.com.ar\/index.php\/2022\/12\/10\/gastronomicos-y-artesanos-presentes-en-el-predio-de-la-ex-penitenciaria\/#primaryimage","inLanguage":"es","url":"https:\/\/puntodereferencia.com.ar\/wp-content\/uploads\/2022\/12\/8cd88280a089941f43cb88998a0736b597a9cb3f.jpg","contentUrl":"https:\/\/puntodereferencia.com.ar\/wp-content\/uploads\/2022\/12\/8cd88280a089941f43cb88998a0736b597a9cb3f.jpg","width":1599,"height":1066},{"@type":"WebPage","@id":"https:\/\/puntodereferencia.com.ar\/index.php\/2022\/12\/10\/gastronomicos-y-artesanos-presentes-en-el-predio-de-la-ex-penitenciaria\/#webpage","url":"https:\/\/puntodereferencia.com.ar\/index.php\/2022\/12\/10\/gastronomicos-y-artesanos-presentes-en-el-predio-de-la-ex-penitenciaria\/","name":"Gastron\u00f3micos y artesanos presentes en el predio de la ex penitenciar\u00eda - Punto de Referencia","isPartOf":{"@id":"https:\/\/puntodereferencia.com.ar\/#website"},"primaryImageOfPage":{"@id":"https:\/\/puntodereferencia.com.ar\/index.php\/2022\/12\/10\/gastronomicos-y-artesanos-presentes-en-el-predio-de-la-ex-penitenciaria\/#primaryimage"},"datePublished":"2022-12-10T23:17:00+00:00","dateModified":"2022-12-25T23:22:47+00:00","author":{"@id":"https:\/\/puntodereferencia.com.ar\/#\/schema\/person\/20515f63cb838bea48da9f8f1b31672c"},"breadcrumb":{"@id":"https:\/\/puntodereferencia.com.ar\/index.php\/2022\/12\/10\/gastronomicos-y-artesanos-presentes-en-el-predio-de-la-ex-penitenciaria\/#breadcrumb"},"inLanguage":"es","potentialAction":[{"@type":"ReadAction","target":["https:\/\/puntodereferencia.com.ar\/index.php\/2022\/12\/10\/gastronomicos-y-artesanos-presentes-en-el-predio-de-la-ex-penitenciaria\/"]}]},{"@type":"BreadcrumbList","@id":"https:\/\/puntodereferencia.com.ar\/index.php\/2022\/12\/10\/gastronomicos-y-artesanos-presentes-en-el-predio-de-la-ex-penitenciaria\/#breadcrumb","itemListElement":[{"@type":"ListItem","position":1,"name":"Inicio","item":"https:\/\/puntodereferencia.com.ar\/"},{"@type":"ListItem","position":2,"name":"Gastron\u00f3micos y artesanos presentes en el predio de la ex penitenciar\u00eda"}]},{"@type":"Person","@id":"https:\/\/puntodereferencia.com.ar\/#\/schema\/person\/20515f63cb838bea48da9f8f1b31672c","name":"Jesica Ibarra","image":{"@type":"ImageObject","@id":"https:\/\/puntodereferencia.com.ar\/#personlogo","inLanguage":"es","url":"https:\/\/secure.gravatar.com\/avatar\/16897d4269998dd535b4ce733bc9e85c?s=96&d=mm&r=g","contentUrl":"https:\/\/secure.gravatar.com\/avatar\/16897d4269998dd535b4ce733bc9e85c?s=96&d=mm&r=g","caption":"Jesica Ibarra"},"url":"https:\/\/puntodereferencia.com.ar\/index.php\/author\/jesica-ibarra\/"}]}},"_links":{"self":[{"href":"https:\/\/puntodereferencia.com.ar\/index.php\/wp-json\/wp\/v2\/posts\/11675"}],"collection":[{"href":"https:\/\/puntodereferencia.com.ar\/index.php\/wp-json\/wp\/v2\/posts"}],"about":[{"href":"https:\/\/puntodereferencia.com.ar\/index.php\/wp-json\/wp\/v2\/types\/post"}],"author":[{"embeddable":true,"href":"https:\/\/puntodereferencia.com.ar\/index.php\/wp-json\/wp\/v2\/users\/3"}],"replies":[{"embeddable":true,"href":"https:\/\/puntodereferencia.com.ar\/index.php\/wp-json\/wp\/v2\/comments?post=11675"}],"version-history":[{"count":1,"href":"https:\/\/puntodereferencia.com.ar\/index.php\/wp-json\/wp\/v2\/posts\/11675\/revisions"}],"predecessor-version":[{"id":11680,"href":"https:\/\/puntodereferencia.com.ar\/index.php\/wp-json\/wp\/v2\/posts\/11675\/revisions\/11680"}],"wp:featuredmedia":[{"embeddable":true,"href":"https:\/\/puntodereferencia.com.ar\/index.php\/wp-json\/wp\/v2\/media\/11676"}],"wp:attachment":[{"href":"https:\/\/puntodereferencia.com.ar\/index.php\/wp-json\/wp\/v2\/media?parent=11675"}],"wp:term":[{"taxonomy":"category","embeddable":true,"href":"https:\/\/puntodereferencia.com.ar\/index.php\/wp-json\/wp\/v2\/categories?post=11675"},{"taxonomy":"post_tag","embeddable":true,"href":"https:\/\/puntodereferencia.com.ar\/index.php\/wp-json\/wp\/v2\/tags?post=11675"}],"curies":[{"name":"wp","href":"https:\/\/api.w.org\/{rel}","templated":true}]}}