{"id":15302,"date":"2026-04-23T11:49:00","date_gmt":"2026-04-23T14:49:00","guid":{"rendered":"https:\/\/puntodereferencia.com.ar\/?p=15302"},"modified":"2026-04-27T11:52:31","modified_gmt":"2026-04-27T14:52:31","slug":"valdes-presento-ante-camaras-empresariales-el-proyecto-de-la-planta-de-fibra-de-pino-de-alta-calidad","status":"publish","type":"post","link":"https:\/\/puntodereferencia.com.ar\/index.php\/2026\/04\/23\/valdes-presento-ante-camaras-empresariales-el-proyecto-de-la-planta-de-fibra-de-pino-de-alta-calidad\/","title":{"rendered":"Vald\u00e9s present\u00f3 ante c\u00e1maras empresariales el proyecto de la planta de fibra de pino de alta calidad"},"content":{"rendered":"\n<p><em>Con una inversi\u00f3n de USD 2.000 millones, la llegada de Arpulp a Ituzaing\u00f3 marca un hito hist\u00f3rico para la industria argentina. El gobernador Juan Pablo Vald\u00e9s reuni\u00f3 a referentes de la empresa y el sector privado local para analizar los beneficios que traer\u00e1 a Corrientes\u00a0 con la generaci\u00f3n de 13.000 empleos.<\/em><\/p>\n\n\n\n<p>Con el auditorio Juli\u00e1n Zini como punto de encuentro, el gobernador Juan Pablo Vald\u00e9s convoc\u00f3&nbsp; a los principales referentes de c\u00e1maras empresariales y entidades vinculadas con el sector forestal e industrial de la provincia, y los reuni\u00f3 con representantes de Arpulp S.A. empresa que instalar\u00e1 una planta de fibra de pino de alta calidad en Corrientes. Analizaron las oportunidades que tendr\u00e1 el sector privado correntino en esta nueva etapa de industrializaci\u00f3n para Corrientes.<\/p>\n\n\n\n<p>El&nbsp; mandatario dej\u00f3 en claro que la llegada de esta f\u00e1brica trasciende las gestiones de gobierno: es un proyecto que demanda la participaci\u00f3n activa del sector privado local para capitalizar cada eslab\u00f3n de la cadena de valor y generar un crecimiento genuino.<\/p>\n\n\n\n<p><strong>&nbsp;Sinergia empresarial<\/strong><\/p>\n\n\n\n<p>&nbsp;La visi\u00f3n del Ejecutivo apunta a que el impacto de Arpulp no sea un fen\u00f3meno aislado, sino que fortalezca a todos los sectores correntinos de manera integral. \u201cEl sector privado va a tener que generar sus propias inversiones para brindar servicios e insumos, y de ese modo aprovechar con empresas correntinas el impulso de esta nueva industria\u201d, enfatiz\u00f3 Juan Pablo Vald\u00e9s ante referentes de la FEC, FECORR, AFOA y APEFIC. Esta sinergia econ\u00f3mica se traduce en un efecto multiplicador estimado en 13.000 puestos de trabajos directos e indirectos, dinamizando sectores como el transporte, la construcci\u00f3n, la hoteler\u00eda y la log\u00edstica entre otros.<\/p>\n\n\n\n<p>&nbsp;Francisco Torres Cayman, representante de la Asociaci\u00f3n Forestal Argentina, calific\u00f3 el desembarco como \u201cun cambio de paradigma total\u201d, y destac\u00f3 que \u201cno es solamente un proyecto para Corrientes; ser\u00e1 el proyecto forestal-industrial m\u00e1s grande del pa\u00eds\u201d. Esta escala posiciona a la provincia en un mapa internacional de vanguardia. En coincidencia, Roberto B\u00e1ez, presidente de Fecorr, celebr\u00f3 la transversalidad del impacto econ\u00f3mico al se\u00f1alar que \u201cesto nos compete a todos y nos va a dar trabajo a todos\u201d, reflejando el optimismo del sector privado ante la magnitud del desaf\u00edo.<\/p>\n\n\n\n<p><strong>El empleo del futuro<\/strong><\/p>\n\n\n\n<p>&nbsp;Durante el encuentro, el Gobernador Vald\u00e9s subray\u00f3 la importancia de integrar a las empresas locales en el proyecto, y remarc\u00f3 la necesidad de fortalecer la formaci\u00f3n t\u00e9cnica de los correntinos a trav\u00e9s de la articulaci\u00f3n entre el Estado, el sistema educativo y el sector productivo para dar respuesta a la demanda de mano de obra especializada que tendr\u00e1 la iniciativa.<\/p>\n\n\n\n<p>&nbsp;En sinton\u00eda, Fernando Correa, Director del proyecto, subray\u00f3 que el objetivo central es desarrollar las condiciones para que los j\u00f3venes talentos \u201cen un futuro no se tengan que ir y que tengan un puesto de trabajo de calidad&nbsp; en su provincia\u201d. Alejandra Aranda, CEO de la firma, tambi\u00e9n puso el foco en la articulaci\u00f3n con el sistema educativo y universidades: \u201cYa estamos dialogando con el sector educativo para que puedan prepararse en funci\u00f3n de las necesidades que va a tener una empresa de estas caracter\u00edsticas\u201d, explic\u00f3.<\/p>\n\n\n\n<p>&nbsp;El encuentro cont\u00f3 con la participaci\u00f3n de la Federaci\u00f3n Econ\u00f3mica de Corrientes (FEC), la Asociaci\u00f3n Civil del Plan Estrat\u00e9gico Foresto Industrial de Corrientes (APEFIC), la Federaci\u00f3n Empresarial de Corrientes (FECORR) y la Asociaci\u00f3n Forestal Argentina (AFOA) entre otras entidades.<\/p>\n\n\n\n<figure class=\"wp-block-image size-large\"><img loading=\"lazy\" decoding=\"async\" width=\"1024\" height=\"683\" src=\"http:\/\/puntodereferencia.com.ar\/wp-content\/uploads\/2026\/04\/8aabcd99e17d23c73447fef7403d3f59a1b37da5-1024x683.webp\" alt=\"\" class=\"wp-image-15304\" srcset=\"https:\/\/puntodereferencia.com.ar\/wp-content\/uploads\/2026\/04\/8aabcd99e17d23c73447fef7403d3f59a1b37da5-1024x683.webp 1024w, https:\/\/puntodereferencia.com.ar\/wp-content\/uploads\/2026\/04\/8aabcd99e17d23c73447fef7403d3f59a1b37da5-300x200.webp 300w, https:\/\/puntodereferencia.com.ar\/wp-content\/uploads\/2026\/04\/8aabcd99e17d23c73447fef7403d3f59a1b37da5-768x512.webp 768w, https:\/\/puntodereferencia.com.ar\/wp-content\/uploads\/2026\/04\/8aabcd99e17d23c73447fef7403d3f59a1b37da5-1536x1025.webp 1536w, https:\/\/puntodereferencia.com.ar\/wp-content\/uploads\/2026\/04\/8aabcd99e17d23c73447fef7403d3f59a1b37da5-2048x1366.webp 2048w\" sizes=\"auto, (max-width: 1024px) 100vw, 1024px\" \/><\/figure>\n","protected":false},"excerpt":{"rendered":"<p>Con una inversi\u00f3n de USD 2.000 millones, la llegada de Arpulp a Ituzaing\u00f3 marca un hito hist\u00f3rico para la industria<\/p>\n","protected":false},"author":3,"featured_media":15303,"comment_status":"open","ping_status":"open","sticky":false,"template":"","format":"standard","meta":{"colormag_page_container_layout":"default_layout","colormag_page_sidebar_layout":"default_layout","footnotes":""},"categories":[3],"tags":[],"class_list":["post-15302","post","type-post","status-publish","format-standard","has-post-thumbnail","hentry","category-politica"],"yoast_head":"<!-- This site is optimized with the Yoast SEO plugin v17.2.1 - https:\/\/yoast.com\/wordpress\/plugins\/seo\/ -->\n<title>Vald\u00e9s present\u00f3 ante c\u00e1maras empresariales el proyecto de la planta de fibra de pino de alta calidad - Punto de Referencia<\/title>\n<meta name=\"robots\" content=\"index, follow, max-snippet:-1, max-image-preview:large, max-video-preview:-1\" \/>\n<link rel=\"canonical\" href=\"https:\/\/puntodereferencia.com.ar\/index.php\/2026\/04\/23\/valdes-presento-ante-camaras-empresariales-el-proyecto-de-la-planta-de-fibra-de-pino-de-alta-calidad\/\" \/>\n<meta property=\"og:locale\" content=\"es_ES\" \/>\n<meta property=\"og:type\" content=\"article\" \/>\n<meta property=\"og:title\" content=\"Vald\u00e9s present\u00f3 ante c\u00e1maras empresariales el proyecto de la planta de fibra de pino de alta calidad - Punto de Referencia\" \/>\n<meta property=\"og:description\" content=\"Con una inversi\u00f3n de USD 2.000 millones, la llegada de Arpulp a Ituzaing\u00f3 marca un hito hist\u00f3rico para la industria\" \/>\n<meta property=\"og:url\" content=\"https:\/\/puntodereferencia.com.ar\/index.php\/2026\/04\/23\/valdes-presento-ante-camaras-empresariales-el-proyecto-de-la-planta-de-fibra-de-pino-de-alta-calidad\/\" \/>\n<meta property=\"og:site_name\" content=\"Punto de Referencia\" \/>\n<meta property=\"article:published_time\" content=\"2026-04-23T14:49:00+00:00\" \/>\n<meta property=\"article:modified_time\" content=\"2026-04-27T14:52:31+00:00\" \/>\n<meta property=\"og:image\" content=\"http:\/\/puntodereferencia.com.ar\/wp-content\/uploads\/2026\/04\/imagen-109016.jpg\" \/>\n\t<meta property=\"og:image:width\" content=\"1450\" \/>\n\t<meta property=\"og:image:height\" content=\"967\" \/>\n<meta name=\"twitter:card\" content=\"summary_large_image\" \/>\n<meta name=\"twitter:label1\" content=\"Escrito por\" \/>\n\t<meta name=\"twitter:data1\" content=\"Jesica Ibarra\" \/>\n\t<meta name=\"twitter:label2\" content=\"Tiempo de lectura\" \/>\n\t<meta name=\"twitter:data2\" content=\"3 minutos\" \/>\n<script type=\"application\/ld+json\" class=\"yoast-schema-graph\">{\"@context\":\"https:\/\/schema.org\",\"@graph\":[{\"@type\":\"WebSite\",\"@id\":\"https:\/\/puntodereferencia.com.ar\/#website\",\"url\":\"https:\/\/puntodereferencia.com.ar\/\",\"name\":\"Punto de Referencia\",\"description\":\"con Miguel Pelozo\",\"potentialAction\":[{\"@type\":\"SearchAction\",\"target\":{\"@type\":\"EntryPoint\",\"urlTemplate\":\"https:\/\/puntodereferencia.com.ar\/?s={search_term_string}\"},\"query-input\":\"required name=search_term_string\"}],\"inLanguage\":\"es\"},{\"@type\":\"ImageObject\",\"@id\":\"https:\/\/puntodereferencia.com.ar\/index.php\/2026\/04\/23\/valdes-presento-ante-camaras-empresariales-el-proyecto-de-la-planta-de-fibra-de-pino-de-alta-calidad\/#primaryimage\",\"inLanguage\":\"es\",\"url\":\"https:\/\/puntodereferencia.com.ar\/wp-content\/uploads\/2026\/04\/imagen-109016.jpg\",\"contentUrl\":\"https:\/\/puntodereferencia.com.ar\/wp-content\/uploads\/2026\/04\/imagen-109016.jpg\",\"width\":1450,\"height\":967},{\"@type\":\"WebPage\",\"@id\":\"https:\/\/puntodereferencia.com.ar\/index.php\/2026\/04\/23\/valdes-presento-ante-camaras-empresariales-el-proyecto-de-la-planta-de-fibra-de-pino-de-alta-calidad\/#webpage\",\"url\":\"https:\/\/puntodereferencia.com.ar\/index.php\/2026\/04\/23\/valdes-presento-ante-camaras-empresariales-el-proyecto-de-la-planta-de-fibra-de-pino-de-alta-calidad\/\",\"name\":\"Vald\\u00e9s present\\u00f3 ante c\\u00e1maras empresariales el proyecto de la planta de fibra de pino de alta calidad - Punto de Referencia\",\"isPartOf\":{\"@id\":\"https:\/\/puntodereferencia.com.ar\/#website\"},\"primaryImageOfPage\":{\"@id\":\"https:\/\/puntodereferencia.com.ar\/index.php\/2026\/04\/23\/valdes-presento-ante-camaras-empresariales-el-proyecto-de-la-planta-de-fibra-de-pino-de-alta-calidad\/#primaryimage\"},\"datePublished\":\"2026-04-23T14:49:00+00:00\",\"dateModified\":\"2026-04-27T14:52:31+00:00\",\"author\":{\"@id\":\"https:\/\/puntodereferencia.com.ar\/#\/schema\/person\/20515f63cb838bea48da9f8f1b31672c\"},\"breadcrumb\":{\"@id\":\"https:\/\/puntodereferencia.com.ar\/index.php\/2026\/04\/23\/valdes-presento-ante-camaras-empresariales-el-proyecto-de-la-planta-de-fibra-de-pino-de-alta-calidad\/#breadcrumb\"},\"inLanguage\":\"es\",\"potentialAction\":[{\"@type\":\"ReadAction\",\"target\":[\"https:\/\/puntodereferencia.com.ar\/index.php\/2026\/04\/23\/valdes-presento-ante-camaras-empresariales-el-proyecto-de-la-planta-de-fibra-de-pino-de-alta-calidad\/\"]}]},{\"@type\":\"BreadcrumbList\",\"@id\":\"https:\/\/puntodereferencia.com.ar\/index.php\/2026\/04\/23\/valdes-presento-ante-camaras-empresariales-el-proyecto-de-la-planta-de-fibra-de-pino-de-alta-calidad\/#breadcrumb\",\"itemListElement\":[{\"@type\":\"ListItem\",\"position\":1,\"name\":\"Inicio\",\"item\":\"https:\/\/puntodereferencia.com.ar\/\"},{\"@type\":\"ListItem\",\"position\":2,\"name\":\"Vald\\u00e9s present\\u00f3 ante c\\u00e1maras empresariales el proyecto de la planta de fibra de pino de alta calidad\"}]},{\"@type\":\"Person\",\"@id\":\"https:\/\/puntodereferencia.com.ar\/#\/schema\/person\/20515f63cb838bea48da9f8f1b31672c\",\"name\":\"Jesica Ibarra\",\"image\":{\"@type\":\"ImageObject\",\"@id\":\"https:\/\/puntodereferencia.com.ar\/#personlogo\",\"inLanguage\":\"es\",\"url\":\"https:\/\/secure.gravatar.com\/avatar\/51981cafa261fc2180a1b6eb2d0d46ed1028dc6610d8e6b2a32935dbb9be7e09?s=96&d=mm&r=g\",\"contentUrl\":\"https:\/\/secure.gravatar.com\/avatar\/51981cafa261fc2180a1b6eb2d0d46ed1028dc6610d8e6b2a32935dbb9be7e09?s=96&d=mm&r=g\",\"caption\":\"Jesica Ibarra\"},\"url\":\"https:\/\/puntodereferencia.com.ar\/index.php\/author\/jesica-ibarra\/\"}]}<\/script>\n<!-- \/ Yoast SEO plugin. -->","yoast_head_json":{"title":"Vald\u00e9s present\u00f3 ante c\u00e1maras empresariales el proyecto de la planta de fibra de pino de alta calidad - Punto de Referencia","robots":{"index":"index","follow":"follow","max-snippet":"max-snippet:-1","max-image-preview":"max-image-preview:large","max-video-preview":"max-video-preview:-1"},"canonical":"https:\/\/puntodereferencia.com.ar\/index.php\/2026\/04\/23\/valdes-presento-ante-camaras-empresariales-el-proyecto-de-la-planta-de-fibra-de-pino-de-alta-calidad\/","og_locale":"es_ES","og_type":"article","og_title":"Vald\u00e9s present\u00f3 ante c\u00e1maras empresariales el proyecto de la planta de fibra de pino de alta calidad - Punto de Referencia","og_description":"Con una inversi\u00f3n de USD 2.000 millones, la llegada de Arpulp a Ituzaing\u00f3 marca un hito hist\u00f3rico para la industria","og_url":"https:\/\/puntodereferencia.com.ar\/index.php\/2026\/04\/23\/valdes-presento-ante-camaras-empresariales-el-proyecto-de-la-planta-de-fibra-de-pino-de-alta-calidad\/","og_site_name":"Punto de Referencia","article_published_time":"2026-04-23T14:49:00+00:00","article_modified_time":"2026-04-27T14:52:31+00:00","og_image":[{"width":1450,"height":967,"filesize":105166,"url":"http:\/\/puntodereferencia.com.ar\/wp-content\/uploads\/2026\/04\/imagen-109016.jpg","path":"\/home\/u322846391\/domains\/puntodereferencia.com.ar\/public_html\/wp-content\/uploads\/2026\/04\/imagen-109016.jpg","size":"full","id":15303,"alt":"","pixels":1402150,"type":"image\/jpeg"}],"twitter_card":"summary_large_image","twitter_misc":{"Escrito por":"Jesica Ibarra","Tiempo de lectura":"3 minutos"},"schema":{"@context":"https:\/\/schema.org","@graph":[{"@type":"WebSite","@id":"https:\/\/puntodereferencia.com.ar\/#website","url":"https:\/\/puntodereferencia.com.ar\/","name":"Punto de Referencia","description":"con Miguel Pelozo","potentialAction":[{"@type":"SearchAction","target":{"@type":"EntryPoint","urlTemplate":"https:\/\/puntodereferencia.com.ar\/?s={search_term_string}"},"query-input":"required name=search_term_string"}],"inLanguage":"es"},{"@type":"ImageObject","@id":"https:\/\/puntodereferencia.com.ar\/index.php\/2026\/04\/23\/valdes-presento-ante-camaras-empresariales-el-proyecto-de-la-planta-de-fibra-de-pino-de-alta-calidad\/#primaryimage","inLanguage":"es","url":"https:\/\/puntodereferencia.com.ar\/wp-content\/uploads\/2026\/04\/imagen-109016.jpg","contentUrl":"https:\/\/puntodereferencia.com.ar\/wp-content\/uploads\/2026\/04\/imagen-109016.jpg","width":1450,"height":967},{"@type":"WebPage","@id":"https:\/\/puntodereferencia.com.ar\/index.php\/2026\/04\/23\/valdes-presento-ante-camaras-empresariales-el-proyecto-de-la-planta-de-fibra-de-pino-de-alta-calidad\/#webpage","url":"https:\/\/puntodereferencia.com.ar\/index.php\/2026\/04\/23\/valdes-presento-ante-camaras-empresariales-el-proyecto-de-la-planta-de-fibra-de-pino-de-alta-calidad\/","name":"Vald\u00e9s present\u00f3 ante c\u00e1maras empresariales el proyecto de la planta de fibra de pino de alta calidad - Punto de Referencia","isPartOf":{"@id":"https:\/\/puntodereferencia.com.ar\/#website"},"primaryImageOfPage":{"@id":"https:\/\/puntodereferencia.com.ar\/index.php\/2026\/04\/23\/valdes-presento-ante-camaras-empresariales-el-proyecto-de-la-planta-de-fibra-de-pino-de-alta-calidad\/#primaryimage"},"datePublished":"2026-04-23T14:49:00+00:00","dateModified":"2026-04-27T14:52:31+00:00","author":{"@id":"https:\/\/puntodereferencia.com.ar\/#\/schema\/person\/20515f63cb838bea48da9f8f1b31672c"},"breadcrumb":{"@id":"https:\/\/puntodereferencia.com.ar\/index.php\/2026\/04\/23\/valdes-presento-ante-camaras-empresariales-el-proyecto-de-la-planta-de-fibra-de-pino-de-alta-calidad\/#breadcrumb"},"inLanguage":"es","potentialAction":[{"@type":"ReadAction","target":["https:\/\/puntodereferencia.com.ar\/index.php\/2026\/04\/23\/valdes-presento-ante-camaras-empresariales-el-proyecto-de-la-planta-de-fibra-de-pino-de-alta-calidad\/"]}]},{"@type":"BreadcrumbList","@id":"https:\/\/puntodereferencia.com.ar\/index.php\/2026\/04\/23\/valdes-presento-ante-camaras-empresariales-el-proyecto-de-la-planta-de-fibra-de-pino-de-alta-calidad\/#breadcrumb","itemListElement":[{"@type":"ListItem","position":1,"name":"Inicio","item":"https:\/\/puntodereferencia.com.ar\/"},{"@type":"ListItem","position":2,"name":"Vald\u00e9s present\u00f3 ante c\u00e1maras empresariales el proyecto de la planta de fibra de pino de alta calidad"}]},{"@type":"Person","@id":"https:\/\/puntodereferencia.com.ar\/#\/schema\/person\/20515f63cb838bea48da9f8f1b31672c","name":"Jesica Ibarra","image":{"@type":"ImageObject","@id":"https:\/\/puntodereferencia.com.ar\/#personlogo","inLanguage":"es","url":"https:\/\/secure.gravatar.com\/avatar\/51981cafa261fc2180a1b6eb2d0d46ed1028dc6610d8e6b2a32935dbb9be7e09?s=96&d=mm&r=g","contentUrl":"https:\/\/secure.gravatar.com\/avatar\/51981cafa261fc2180a1b6eb2d0d46ed1028dc6610d8e6b2a32935dbb9be7e09?s=96&d=mm&r=g","caption":"Jesica Ibarra"},"url":"https:\/\/puntodereferencia.com.ar\/index.php\/author\/jesica-ibarra\/"}]}},"_links":{"self":[{"href":"https:\/\/puntodereferencia.com.ar\/index.php\/wp-json\/wp\/v2\/posts\/15302","targetHints":{"allow":["GET"]}}],"collection":[{"href":"https:\/\/puntodereferencia.com.ar\/index.php\/wp-json\/wp\/v2\/posts"}],"about":[{"href":"https:\/\/puntodereferencia.com.ar\/index.php\/wp-json\/wp\/v2\/types\/post"}],"author":[{"embeddable":true,"href":"https:\/\/puntodereferencia.com.ar\/index.php\/wp-json\/wp\/v2\/users\/3"}],"replies":[{"embeddable":true,"href":"https:\/\/puntodereferencia.com.ar\/index.php\/wp-json\/wp\/v2\/comments?post=15302"}],"version-history":[{"count":1,"href":"https:\/\/puntodereferencia.com.ar\/index.php\/wp-json\/wp\/v2\/posts\/15302\/revisions"}],"predecessor-version":[{"id":15305,"href":"https:\/\/puntodereferencia.com.ar\/index.php\/wp-json\/wp\/v2\/posts\/15302\/revisions\/15305"}],"wp:featuredmedia":[{"embeddable":true,"href":"https:\/\/puntodereferencia.com.ar\/index.php\/wp-json\/wp\/v2\/media\/15303"}],"wp:attachment":[{"href":"https:\/\/puntodereferencia.com.ar\/index.php\/wp-json\/wp\/v2\/media?parent=15302"}],"wp:term":[{"taxonomy":"category","embeddable":true,"href":"https:\/\/puntodereferencia.com.ar\/index.php\/wp-json\/wp\/v2\/categories?post=15302"},{"taxonomy":"post_tag","embeddable":true,"href":"https:\/\/puntodereferencia.com.ar\/index.php\/wp-json\/wp\/v2\/tags?post=15302"}],"curies":[{"name":"wp","href":"https:\/\/api.w.org\/{rel}","templated":true}]}}