{"id":15307,"date":"2026-04-23T11:53:15","date_gmt":"2026-04-23T14:53:15","guid":{"rendered":"https:\/\/puntodereferencia.com.ar\/?p=15307"},"modified":"2026-04-27T11:57:32","modified_gmt":"2026-04-27T14:57:32","slug":"valdes-participo-de-las-celebraciones-por-el-aniversario-de-la-proclamacion-de-la-virgen-de-itati","status":"publish","type":"post","link":"https:\/\/puntodereferencia.com.ar\/index.php\/2026\/04\/23\/valdes-participo-de-las-celebraciones-por-el-aniversario-de-la-proclamacion-de-la-virgen-de-itati\/","title":{"rendered":"Vald\u00e9s particip\u00f3 de las celebraciones por el aniversario de la Proclamaci\u00f3n de la Virgen de Itat\u00ed"},"content":{"rendered":"\n<p>En el marco de una de las celebraciones religiosas m\u00e1s significativas de Corrientes, el gobernador Juan Pablo Vald\u00e9s particip\u00f3 de la misa por el 108\u00b0 aniversario de la proclamaci\u00f3n de la Virgen de Itat\u00ed como Patrona y Protectora de la provincia, en la localidad de Itat\u00ed.<\/p>\n\n\n\n<p>Durante la jornada, el mandatario destac\u00f3 la importancia de acompa\u00f1ar a las comunidades que cada a\u00f1o peregrinan hacia la bas\u00edlica -como es el caso de los peregrinos a caballo provenientes de San Cosme, Paso de la Patria y Santa Ana que participan de la 126\u00b0 Peregrinaci\u00f3n de los Tres Pueblos-, en una manifestaci\u00f3n de fe profundamente arraigada en la identidad correntina.<\/p>\n\n\n\n<p>En ese sentido, remarc\u00f3 la participaci\u00f3n de localidades como Santa Ana, Paso de la Patria y San Cosme, que forman parte de la tradicional peregrinaci\u00f3n conocida como la \u201cde los tres pueblos\u201d.<\/p>\n\n\n\n<p>\u201cEn estos tiempos de modernidad, lo m\u00e1s importante es no perder nuestra identidad\u201d, sostuvo Vald\u00e9s resaltando el valor de la fe como elemento cohesionador de la sociedad.<\/p>\n\n\n\n<p><strong>Reuni\u00f3n con intendentes y agenda regional<\/strong><\/p>\n\n\n\n<p>En paralelo a las actividades lit\u00fargicas, el gobernador mantuvo un encuentro con el intendente local y jefes comunales de localidades vecinas.<\/p>\n\n\n\n<p>Seg\u00fan explic\u00f3, la reuni\u00f3n permiti\u00f3 avanzar en una agenda de trabajo conjunta, basada en el di\u00e1logo y la articulaci\u00f3n regional.<\/p>\n\n\n\n<p><strong>Obras y mejoras para potenciar el turismo<\/strong><\/p>\n\n\n\n<p>Uno de los ejes centrales del encuentro fue el desarrollo de infraestructura en Itat\u00ed, especialmente orientada a mejorar la experiencia de los visitantes en pos de darle puesta en valor a los espacios p\u00fablicos, incluyendo la mejora de plazas, la instalaci\u00f3n de sanitarios y la reorganizaci\u00f3n del sector de puesteros.<\/p>\n\n\n\n<p>Vald\u00e9s concluy\u00f3 que estas inversiones son fundamentales para consolidar a Itat\u00ed como un destino religioso y tur\u00edstico de referencia, garantizando mejores condiciones tanto para los visitantes como para la comunidad local.<\/p>\n\n\n\n<p><strong>Valorizaci\u00f3n de la fe<\/strong><\/p>\n\n\n\n<p>El intendente de Itat\u00ed, Francisco Romero destac\u00f3 la visita del mandatario provincial \u201ca esta hermosa fiesta que estamos viviendo\u201d donde se revaloriza la cultura y la fe.<\/p>\n\n\n\n<p>Adem\u00e1s de la celebraci\u00f3n religiosa, el jefe comunal local junto al gobernador mantuvo una reuni\u00f3n institucional donde se hablaron sobre proyectos de infraestructura para la localidad.<\/p>\n\n\n\n<figure class=\"wp-block-image size-large\"><img loading=\"lazy\" decoding=\"async\" width=\"1024\" height=\"682\" src=\"https:\/\/puntodereferencia.com.ar\/wp-content\/uploads\/2026\/04\/imagen-109024-1024x682.jpg\" alt=\"\" class=\"wp-image-15309\" srcset=\"https:\/\/puntodereferencia.com.ar\/wp-content\/uploads\/2026\/04\/imagen-109024-1024x682.jpg 1024w, https:\/\/puntodereferencia.com.ar\/wp-content\/uploads\/2026\/04\/imagen-109024-300x200.jpg 300w, https:\/\/puntodereferencia.com.ar\/wp-content\/uploads\/2026\/04\/imagen-109024-768x512.jpg 768w, https:\/\/puntodereferencia.com.ar\/wp-content\/uploads\/2026\/04\/imagen-109024-1536x1023.jpg 1536w, https:\/\/puntodereferencia.com.ar\/wp-content\/uploads\/2026\/04\/imagen-109024.jpg 1600w\" sizes=\"auto, (max-width: 1024px) 100vw, 1024px\" \/><\/figure>\n\n\n\n<figure class=\"wp-block-image size-large\"><img loading=\"lazy\" decoding=\"async\" width=\"682\" height=\"1024\" src=\"http:\/\/puntodereferencia.com.ar\/wp-content\/uploads\/2026\/04\/imagen-109019-682x1024.jpg\" alt=\"\" class=\"wp-image-15308\" srcset=\"https:\/\/puntodereferencia.com.ar\/wp-content\/uploads\/2026\/04\/imagen-109019-682x1024.jpg 682w, https:\/\/puntodereferencia.com.ar\/wp-content\/uploads\/2026\/04\/imagen-109019-200x300.jpg 200w, https:\/\/puntodereferencia.com.ar\/wp-content\/uploads\/2026\/04\/imagen-109019-768x1153.jpg 768w, https:\/\/puntodereferencia.com.ar\/wp-content\/uploads\/2026\/04\/imagen-109019-1023x1536.jpg 1023w, https:\/\/puntodereferencia.com.ar\/wp-content\/uploads\/2026\/04\/imagen-109019.jpg 1066w\" sizes=\"auto, (max-width: 682px) 100vw, 682px\" \/><\/figure>\n","protected":false},"excerpt":{"rendered":"<p>En el marco de una de las celebraciones religiosas m\u00e1s significativas de Corrientes, el gobernador Juan Pablo Vald\u00e9s particip\u00f3 de<\/p>\n","protected":false},"author":3,"featured_media":15310,"comment_status":"open","ping_status":"open","sticky":false,"template":"","format":"standard","meta":{"colormag_page_container_layout":"default_layout","colormag_page_sidebar_layout":"default_layout","footnotes":""},"categories":[1,19],"tags":[],"class_list":["post-15307","post","type-post","status-publish","format-standard","has-post-thumbnail","hentry","category-educacion","category-fiestas-tradicionales"],"yoast_head":"<!-- This site is optimized with the Yoast SEO plugin v17.2.1 - https:\/\/yoast.com\/wordpress\/plugins\/seo\/ -->\n<title>Vald\u00e9s particip\u00f3 de las celebraciones por el aniversario de la Proclamaci\u00f3n de la Virgen de Itat\u00ed - Punto de Referencia<\/title>\n<meta name=\"robots\" content=\"index, follow, max-snippet:-1, max-image-preview:large, max-video-preview:-1\" \/>\n<link rel=\"canonical\" href=\"https:\/\/puntodereferencia.com.ar\/index.php\/2026\/04\/23\/valdes-participo-de-las-celebraciones-por-el-aniversario-de-la-proclamacion-de-la-virgen-de-itati\/\" \/>\n<meta property=\"og:locale\" content=\"es_ES\" \/>\n<meta property=\"og:type\" content=\"article\" \/>\n<meta property=\"og:title\" content=\"Vald\u00e9s particip\u00f3 de las celebraciones por el aniversario de la Proclamaci\u00f3n de la Virgen de Itat\u00ed - Punto de Referencia\" \/>\n<meta property=\"og:description\" content=\"En el marco de una de las celebraciones religiosas m\u00e1s significativas de Corrientes, el gobernador Juan Pablo Vald\u00e9s particip\u00f3 de\" \/>\n<meta property=\"og:url\" content=\"https:\/\/puntodereferencia.com.ar\/index.php\/2026\/04\/23\/valdes-participo-de-las-celebraciones-por-el-aniversario-de-la-proclamacion-de-la-virgen-de-itati\/\" \/>\n<meta property=\"og:site_name\" content=\"Punto de Referencia\" \/>\n<meta property=\"article:published_time\" content=\"2026-04-23T14:53:15+00:00\" \/>\n<meta property=\"article:modified_time\" content=\"2026-04-27T14:57:32+00:00\" \/>\n<meta property=\"og:image\" content=\"http:\/\/puntodereferencia.com.ar\/wp-content\/uploads\/2026\/04\/imagen-109020.jpg\" \/>\n\t<meta property=\"og:image:width\" content=\"1600\" \/>\n\t<meta property=\"og:image:height\" content=\"1066\" \/>\n<meta name=\"twitter:card\" content=\"summary_large_image\" \/>\n<meta name=\"twitter:label1\" content=\"Escrito por\" \/>\n\t<meta name=\"twitter:data1\" content=\"Jesica Ibarra\" \/>\n\t<meta name=\"twitter:label2\" content=\"Tiempo de lectura\" \/>\n\t<meta name=\"twitter:data2\" content=\"2 minutos\" \/>\n<script type=\"application\/ld+json\" class=\"yoast-schema-graph\">{\"@context\":\"https:\/\/schema.org\",\"@graph\":[{\"@type\":\"WebSite\",\"@id\":\"https:\/\/puntodereferencia.com.ar\/#website\",\"url\":\"https:\/\/puntodereferencia.com.ar\/\",\"name\":\"Punto de Referencia\",\"description\":\"con Miguel Pelozo\",\"potentialAction\":[{\"@type\":\"SearchAction\",\"target\":{\"@type\":\"EntryPoint\",\"urlTemplate\":\"https:\/\/puntodereferencia.com.ar\/?s={search_term_string}\"},\"query-input\":\"required name=search_term_string\"}],\"inLanguage\":\"es\"},{\"@type\":\"ImageObject\",\"@id\":\"https:\/\/puntodereferencia.com.ar\/index.php\/2026\/04\/23\/valdes-participo-de-las-celebraciones-por-el-aniversario-de-la-proclamacion-de-la-virgen-de-itati\/#primaryimage\",\"inLanguage\":\"es\",\"url\":\"https:\/\/puntodereferencia.com.ar\/wp-content\/uploads\/2026\/04\/imagen-109020.jpg\",\"contentUrl\":\"https:\/\/puntodereferencia.com.ar\/wp-content\/uploads\/2026\/04\/imagen-109020.jpg\",\"width\":1600,\"height\":1066},{\"@type\":\"WebPage\",\"@id\":\"https:\/\/puntodereferencia.com.ar\/index.php\/2026\/04\/23\/valdes-participo-de-las-celebraciones-por-el-aniversario-de-la-proclamacion-de-la-virgen-de-itati\/#webpage\",\"url\":\"https:\/\/puntodereferencia.com.ar\/index.php\/2026\/04\/23\/valdes-participo-de-las-celebraciones-por-el-aniversario-de-la-proclamacion-de-la-virgen-de-itati\/\",\"name\":\"Vald\\u00e9s particip\\u00f3 de las celebraciones por el aniversario de la Proclamaci\\u00f3n de la Virgen de Itat\\u00ed - Punto de Referencia\",\"isPartOf\":{\"@id\":\"https:\/\/puntodereferencia.com.ar\/#website\"},\"primaryImageOfPage\":{\"@id\":\"https:\/\/puntodereferencia.com.ar\/index.php\/2026\/04\/23\/valdes-participo-de-las-celebraciones-por-el-aniversario-de-la-proclamacion-de-la-virgen-de-itati\/#primaryimage\"},\"datePublished\":\"2026-04-23T14:53:15+00:00\",\"dateModified\":\"2026-04-27T14:57:32+00:00\",\"author\":{\"@id\":\"https:\/\/puntodereferencia.com.ar\/#\/schema\/person\/20515f63cb838bea48da9f8f1b31672c\"},\"breadcrumb\":{\"@id\":\"https:\/\/puntodereferencia.com.ar\/index.php\/2026\/04\/23\/valdes-participo-de-las-celebraciones-por-el-aniversario-de-la-proclamacion-de-la-virgen-de-itati\/#breadcrumb\"},\"inLanguage\":\"es\",\"potentialAction\":[{\"@type\":\"ReadAction\",\"target\":[\"https:\/\/puntodereferencia.com.ar\/index.php\/2026\/04\/23\/valdes-participo-de-las-celebraciones-por-el-aniversario-de-la-proclamacion-de-la-virgen-de-itati\/\"]}]},{\"@type\":\"BreadcrumbList\",\"@id\":\"https:\/\/puntodereferencia.com.ar\/index.php\/2026\/04\/23\/valdes-participo-de-las-celebraciones-por-el-aniversario-de-la-proclamacion-de-la-virgen-de-itati\/#breadcrumb\",\"itemListElement\":[{\"@type\":\"ListItem\",\"position\":1,\"name\":\"Inicio\",\"item\":\"https:\/\/puntodereferencia.com.ar\/\"},{\"@type\":\"ListItem\",\"position\":2,\"name\":\"Vald\\u00e9s particip\\u00f3 de las celebraciones por el aniversario de la Proclamaci\\u00f3n de la Virgen de Itat\\u00ed\"}]},{\"@type\":\"Person\",\"@id\":\"https:\/\/puntodereferencia.com.ar\/#\/schema\/person\/20515f63cb838bea48da9f8f1b31672c\",\"name\":\"Jesica Ibarra\",\"image\":{\"@type\":\"ImageObject\",\"@id\":\"https:\/\/puntodereferencia.com.ar\/#personlogo\",\"inLanguage\":\"es\",\"url\":\"https:\/\/secure.gravatar.com\/avatar\/51981cafa261fc2180a1b6eb2d0d46ed1028dc6610d8e6b2a32935dbb9be7e09?s=96&d=mm&r=g\",\"contentUrl\":\"https:\/\/secure.gravatar.com\/avatar\/51981cafa261fc2180a1b6eb2d0d46ed1028dc6610d8e6b2a32935dbb9be7e09?s=96&d=mm&r=g\",\"caption\":\"Jesica Ibarra\"},\"url\":\"https:\/\/puntodereferencia.com.ar\/index.php\/author\/jesica-ibarra\/\"}]}<\/script>\n<!-- \/ Yoast SEO plugin. -->","yoast_head_json":{"title":"Vald\u00e9s particip\u00f3 de las celebraciones por el aniversario de la Proclamaci\u00f3n de la Virgen de Itat\u00ed - Punto de Referencia","robots":{"index":"index","follow":"follow","max-snippet":"max-snippet:-1","max-image-preview":"max-image-preview:large","max-video-preview":"max-video-preview:-1"},"canonical":"https:\/\/puntodereferencia.com.ar\/index.php\/2026\/04\/23\/valdes-participo-de-las-celebraciones-por-el-aniversario-de-la-proclamacion-de-la-virgen-de-itati\/","og_locale":"es_ES","og_type":"article","og_title":"Vald\u00e9s particip\u00f3 de las celebraciones por el aniversario de la Proclamaci\u00f3n de la Virgen de Itat\u00ed - Punto de Referencia","og_description":"En el marco de una de las celebraciones religiosas m\u00e1s significativas de Corrientes, el gobernador Juan Pablo Vald\u00e9s particip\u00f3 de","og_url":"https:\/\/puntodereferencia.com.ar\/index.php\/2026\/04\/23\/valdes-participo-de-las-celebraciones-por-el-aniversario-de-la-proclamacion-de-la-virgen-de-itati\/","og_site_name":"Punto de Referencia","article_published_time":"2026-04-23T14:53:15+00:00","article_modified_time":"2026-04-27T14:57:32+00:00","og_image":[{"width":1600,"height":1066,"filesize":169536,"url":"http:\/\/puntodereferencia.com.ar\/wp-content\/uploads\/2026\/04\/imagen-109020.jpg","path":"\/home\/u322846391\/domains\/puntodereferencia.com.ar\/public_html\/wp-content\/uploads\/2026\/04\/imagen-109020.jpg","size":"full","id":15310,"alt":"","pixels":1705600,"type":"image\/jpeg"}],"twitter_card":"summary_large_image","twitter_misc":{"Escrito por":"Jesica Ibarra","Tiempo de lectura":"2 minutos"},"schema":{"@context":"https:\/\/schema.org","@graph":[{"@type":"WebSite","@id":"https:\/\/puntodereferencia.com.ar\/#website","url":"https:\/\/puntodereferencia.com.ar\/","name":"Punto de Referencia","description":"con Miguel Pelozo","potentialAction":[{"@type":"SearchAction","target":{"@type":"EntryPoint","urlTemplate":"https:\/\/puntodereferencia.com.ar\/?s={search_term_string}"},"query-input":"required name=search_term_string"}],"inLanguage":"es"},{"@type":"ImageObject","@id":"https:\/\/puntodereferencia.com.ar\/index.php\/2026\/04\/23\/valdes-participo-de-las-celebraciones-por-el-aniversario-de-la-proclamacion-de-la-virgen-de-itati\/#primaryimage","inLanguage":"es","url":"https:\/\/puntodereferencia.com.ar\/wp-content\/uploads\/2026\/04\/imagen-109020.jpg","contentUrl":"https:\/\/puntodereferencia.com.ar\/wp-content\/uploads\/2026\/04\/imagen-109020.jpg","width":1600,"height":1066},{"@type":"WebPage","@id":"https:\/\/puntodereferencia.com.ar\/index.php\/2026\/04\/23\/valdes-participo-de-las-celebraciones-por-el-aniversario-de-la-proclamacion-de-la-virgen-de-itati\/#webpage","url":"https:\/\/puntodereferencia.com.ar\/index.php\/2026\/04\/23\/valdes-participo-de-las-celebraciones-por-el-aniversario-de-la-proclamacion-de-la-virgen-de-itati\/","name":"Vald\u00e9s particip\u00f3 de las celebraciones por el aniversario de la Proclamaci\u00f3n de la Virgen de Itat\u00ed - Punto de Referencia","isPartOf":{"@id":"https:\/\/puntodereferencia.com.ar\/#website"},"primaryImageOfPage":{"@id":"https:\/\/puntodereferencia.com.ar\/index.php\/2026\/04\/23\/valdes-participo-de-las-celebraciones-por-el-aniversario-de-la-proclamacion-de-la-virgen-de-itati\/#primaryimage"},"datePublished":"2026-04-23T14:53:15+00:00","dateModified":"2026-04-27T14:57:32+00:00","author":{"@id":"https:\/\/puntodereferencia.com.ar\/#\/schema\/person\/20515f63cb838bea48da9f8f1b31672c"},"breadcrumb":{"@id":"https:\/\/puntodereferencia.com.ar\/index.php\/2026\/04\/23\/valdes-participo-de-las-celebraciones-por-el-aniversario-de-la-proclamacion-de-la-virgen-de-itati\/#breadcrumb"},"inLanguage":"es","potentialAction":[{"@type":"ReadAction","target":["https:\/\/puntodereferencia.com.ar\/index.php\/2026\/04\/23\/valdes-participo-de-las-celebraciones-por-el-aniversario-de-la-proclamacion-de-la-virgen-de-itati\/"]}]},{"@type":"BreadcrumbList","@id":"https:\/\/puntodereferencia.com.ar\/index.php\/2026\/04\/23\/valdes-participo-de-las-celebraciones-por-el-aniversario-de-la-proclamacion-de-la-virgen-de-itati\/#breadcrumb","itemListElement":[{"@type":"ListItem","position":1,"name":"Inicio","item":"https:\/\/puntodereferencia.com.ar\/"},{"@type":"ListItem","position":2,"name":"Vald\u00e9s particip\u00f3 de las celebraciones por el aniversario de la Proclamaci\u00f3n de la Virgen de Itat\u00ed"}]},{"@type":"Person","@id":"https:\/\/puntodereferencia.com.ar\/#\/schema\/person\/20515f63cb838bea48da9f8f1b31672c","name":"Jesica Ibarra","image":{"@type":"ImageObject","@id":"https:\/\/puntodereferencia.com.ar\/#personlogo","inLanguage":"es","url":"https:\/\/secure.gravatar.com\/avatar\/51981cafa261fc2180a1b6eb2d0d46ed1028dc6610d8e6b2a32935dbb9be7e09?s=96&d=mm&r=g","contentUrl":"https:\/\/secure.gravatar.com\/avatar\/51981cafa261fc2180a1b6eb2d0d46ed1028dc6610d8e6b2a32935dbb9be7e09?s=96&d=mm&r=g","caption":"Jesica Ibarra"},"url":"https:\/\/puntodereferencia.com.ar\/index.php\/author\/jesica-ibarra\/"}]}},"_links":{"self":[{"href":"https:\/\/puntodereferencia.com.ar\/index.php\/wp-json\/wp\/v2\/posts\/15307","targetHints":{"allow":["GET"]}}],"collection":[{"href":"https:\/\/puntodereferencia.com.ar\/index.php\/wp-json\/wp\/v2\/posts"}],"about":[{"href":"https:\/\/puntodereferencia.com.ar\/index.php\/wp-json\/wp\/v2\/types\/post"}],"author":[{"embeddable":true,"href":"https:\/\/puntodereferencia.com.ar\/index.php\/wp-json\/wp\/v2\/users\/3"}],"replies":[{"embeddable":true,"href":"https:\/\/puntodereferencia.com.ar\/index.php\/wp-json\/wp\/v2\/comments?post=15307"}],"version-history":[{"count":1,"href":"https:\/\/puntodereferencia.com.ar\/index.php\/wp-json\/wp\/v2\/posts\/15307\/revisions"}],"predecessor-version":[{"id":15311,"href":"https:\/\/puntodereferencia.com.ar\/index.php\/wp-json\/wp\/v2\/posts\/15307\/revisions\/15311"}],"wp:featuredmedia":[{"embeddable":true,"href":"https:\/\/puntodereferencia.com.ar\/index.php\/wp-json\/wp\/v2\/media\/15310"}],"wp:attachment":[{"href":"https:\/\/puntodereferencia.com.ar\/index.php\/wp-json\/wp\/v2\/media?parent=15307"}],"wp:term":[{"taxonomy":"category","embeddable":true,"href":"https:\/\/puntodereferencia.com.ar\/index.php\/wp-json\/wp\/v2\/categories?post=15307"},{"taxonomy":"post_tag","embeddable":true,"href":"https:\/\/puntodereferencia.com.ar\/index.php\/wp-json\/wp\/v2\/tags?post=15307"}],"curies":[{"name":"wp","href":"https:\/\/api.w.org\/{rel}","templated":true}]}}