{"id":15333,"date":"2026-04-27T19:19:43","date_gmt":"2026-04-27T22:19:43","guid":{"rendered":"https:\/\/puntodereferencia.com.ar\/?p=15333"},"modified":"2026-04-28T19:23:36","modified_gmt":"2026-04-28T22:23:36","slug":"15333","status":"publish","type":"post","link":"https:\/\/puntodereferencia.com.ar\/index.php\/2026\/04\/27\/15333\/","title":{"rendered":""},"content":{"rendered":"\n<p>Ramada Paso inaugur\u00f3 un destacamento del PRIAR y refuerza la lucha contra el abigeato<\/p>\n\n\n\n<p><em>La nueva dependencia permitir\u00e1 mayor presencia policial en una amplia zona rural de los departamentos San Cosme e Itat\u00ed. Productores ya pueden realizar denuncias sin trasladarse a otras localidades. Con el objetivo de reforzar la seguridad en zonas rurales, qued\u00f3 inaugurado un destacamento del PRIAR en Ramada Paso, una medida clave para combatir el abigeato y otros delitos rurales en la regi\u00f3n.<\/em><\/p>\n\n\n\n<p><br>En di\u00e1logo con Miguel Pelozo en el Programa Punto de Referencia por LT7, el intendente de Ramada Paso, Arturo Puyol, destac\u00f3 que la iniciativa fue resultado de gestiones conjuntas entre el municipio, productores y entidades rurales.<br>\u201cEsto ya se ven\u00eda gestionando desde el municipio con el acompa\u00f1amiento de la Sociedad Rural del Norte. Dialogamos con autoridades de seguridad y el gobernador dio una respuesta inmediata a esta necesidad\u201d, afirm\u00f3<br>La nueva dependencia permitir\u00e1 una respuesta m\u00e1s r\u00e1pida ante denuncias y una mayor presencia policial en un \u00e1rea estrat\u00e9gica que abarca gran parte de los departamentos San Cosme e Itat\u00ed.<br>La puesta en funcionamiento se aceler\u00f3 tras una serie de hechos delictivos que afectaron a productores locales y que fueron expuestos en reuniones recientes. \u201cLa semana pasada se hizo p\u00fablica una situaci\u00f3n grave vinculada al abigeato y eso aceler\u00f3 los tiempos. Hoy esta delegaci\u00f3n es una realidad\u201d, agreg\u00f3.<br>Uno de los principales avances es la posibilidad de radicar denuncias directamente en la zona, sin necesidad de trasladarse hasta San Luis del Palmar. \u201cEl productor ahora va a poder hacer la denuncia en su propia zona. Antes muchas veces no se hac\u00eda por la distancia o las dificultades\u201d, explic\u00f3 Puyol.<br>Esto permitir\u00e1 mejorar los tiempos de intervenci\u00f3n y optimizar las investigaciones.<br>El jefe comunal subray\u00f3 que el \u00e9xito de la medida depender\u00e1 del trabajo articulado entre fuerzas de seguridad, municipios y productores.<br>\u201cLa clave es el trabajo conjunto: el PRIAR en la investigaci\u00f3n y los municipios en los controles, especialmente en carnicer\u00edas y trazabilidad de la carne\u201d, se\u00f1al\u00f3.<br>Adem\u00e1s, anticip\u00f3 que ya se iniciaron gestiones para la creaci\u00f3n de una fiscal\u00eda rural especializada. \u201cSer\u00eda muy importante contar con un organismo judicial espec\u00edfico para estos delitos. Mientras tanto, este destacamento ya es un gran avance para toda la regi\u00f3n\u201d, concluy\u00f3.<\/p>\n\n\n\n<figure class=\"wp-block-image size-large\"><img loading=\"lazy\" decoding=\"async\" width=\"1024\" height=\"682\" src=\"http:\/\/puntodereferencia.com.ar\/wp-content\/uploads\/2026\/04\/WhatsApp-Image-2026-04-28-at-10.06.15-1024x682.jpeg\" alt=\"\" class=\"wp-image-15331\" srcset=\"https:\/\/puntodereferencia.com.ar\/wp-content\/uploads\/2026\/04\/WhatsApp-Image-2026-04-28-at-10.06.15-1024x682.jpeg 1024w, https:\/\/puntodereferencia.com.ar\/wp-content\/uploads\/2026\/04\/WhatsApp-Image-2026-04-28-at-10.06.15-300x200.jpeg 300w, https:\/\/puntodereferencia.com.ar\/wp-content\/uploads\/2026\/04\/WhatsApp-Image-2026-04-28-at-10.06.15-768x512.jpeg 768w, https:\/\/puntodereferencia.com.ar\/wp-content\/uploads\/2026\/04\/WhatsApp-Image-2026-04-28-at-10.06.15.jpeg 1280w\" sizes=\"auto, (max-width: 1024px) 100vw, 1024px\" \/><\/figure>\n","protected":false},"excerpt":{"rendered":"<p>Ramada Paso inaugur\u00f3 un destacamento del PRIAR y refuerza la lucha contra el abigeato La nueva dependencia permitir\u00e1 mayor presencia<\/p>\n","protected":false},"author":3,"featured_media":15327,"comment_status":"open","ping_status":"open","sticky":false,"template":"","format":"standard","meta":{"colormag_page_container_layout":"default_layout","colormag_page_sidebar_layout":"default_layout","footnotes":""},"categories":[3,7],"tags":[],"class_list":["post-15333","post","type-post","status-publish","format-standard","has-post-thumbnail","hentry","category-politica","category-provincia"],"yoast_head":"<!-- This site is optimized with the Yoast SEO plugin v17.2.1 - https:\/\/yoast.com\/wordpress\/plugins\/seo\/ -->\n<title>- Punto de Referencia<\/title>\n<meta name=\"robots\" content=\"index, follow, max-snippet:-1, max-image-preview:large, max-video-preview:-1\" \/>\n<link rel=\"canonical\" href=\"https:\/\/puntodereferencia.com.ar\/index.php\/2026\/04\/27\/15333\/\" \/>\n<meta property=\"og:locale\" content=\"es_ES\" \/>\n<meta property=\"og:type\" content=\"article\" \/>\n<meta property=\"og:title\" content=\"- Punto de Referencia\" \/>\n<meta property=\"og:description\" content=\"Ramada Paso inaugur\u00f3 un destacamento del PRIAR y refuerza la lucha contra el abigeato La nueva dependencia permitir\u00e1 mayor presencia\" \/>\n<meta property=\"og:url\" content=\"https:\/\/puntodereferencia.com.ar\/index.php\/2026\/04\/27\/15333\/\" \/>\n<meta property=\"og:site_name\" content=\"Punto de Referencia\" \/>\n<meta property=\"article:published_time\" content=\"2026-04-27T22:19:43+00:00\" \/>\n<meta property=\"article:modified_time\" content=\"2026-04-28T22:23:36+00:00\" \/>\n<meta property=\"og:image\" content=\"http:\/\/puntodereferencia.com.ar\/wp-content\/uploads\/2026\/04\/WhatsApp-Image-2026-04-28-at-10.06.16-1-1.jpeg\" \/>\n\t<meta property=\"og:image:width\" content=\"1040\" \/>\n\t<meta property=\"og:image:height\" content=\"694\" \/>\n<meta name=\"twitter:card\" content=\"summary_large_image\" \/>\n<meta name=\"twitter:label1\" content=\"Escrito por\" \/>\n\t<meta name=\"twitter:data1\" content=\"Jesica Ibarra\" \/>\n\t<meta name=\"twitter:label2\" content=\"Tiempo de lectura\" \/>\n\t<meta name=\"twitter:data2\" content=\"2 minutos\" \/>\n<script type=\"application\/ld+json\" class=\"yoast-schema-graph\">{\"@context\":\"https:\/\/schema.org\",\"@graph\":[{\"@type\":\"WebSite\",\"@id\":\"https:\/\/puntodereferencia.com.ar\/#website\",\"url\":\"https:\/\/puntodereferencia.com.ar\/\",\"name\":\"Punto de Referencia\",\"description\":\"con Miguel Pelozo\",\"potentialAction\":[{\"@type\":\"SearchAction\",\"target\":{\"@type\":\"EntryPoint\",\"urlTemplate\":\"https:\/\/puntodereferencia.com.ar\/?s={search_term_string}\"},\"query-input\":\"required name=search_term_string\"}],\"inLanguage\":\"es\"},{\"@type\":\"ImageObject\",\"@id\":\"https:\/\/puntodereferencia.com.ar\/index.php\/2026\/04\/27\/15333\/#primaryimage\",\"inLanguage\":\"es\",\"url\":\"https:\/\/puntodereferencia.com.ar\/wp-content\/uploads\/2026\/04\/WhatsApp-Image-2026-04-28-at-10.06.16-1-1.jpeg\",\"contentUrl\":\"https:\/\/puntodereferencia.com.ar\/wp-content\/uploads\/2026\/04\/WhatsApp-Image-2026-04-28-at-10.06.16-1-1.jpeg\",\"width\":1040,\"height\":694},{\"@type\":\"WebPage\",\"@id\":\"https:\/\/puntodereferencia.com.ar\/index.php\/2026\/04\/27\/15333\/#webpage\",\"url\":\"https:\/\/puntodereferencia.com.ar\/index.php\/2026\/04\/27\/15333\/\",\"name\":\"- Punto de Referencia\",\"isPartOf\":{\"@id\":\"https:\/\/puntodereferencia.com.ar\/#website\"},\"primaryImageOfPage\":{\"@id\":\"https:\/\/puntodereferencia.com.ar\/index.php\/2026\/04\/27\/15333\/#primaryimage\"},\"datePublished\":\"2026-04-27T22:19:43+00:00\",\"dateModified\":\"2026-04-28T22:23:36+00:00\",\"author\":{\"@id\":\"https:\/\/puntodereferencia.com.ar\/#\/schema\/person\/20515f63cb838bea48da9f8f1b31672c\"},\"breadcrumb\":{\"@id\":\"https:\/\/puntodereferencia.com.ar\/index.php\/2026\/04\/27\/15333\/#breadcrumb\"},\"inLanguage\":\"es\",\"potentialAction\":[{\"@type\":\"ReadAction\",\"target\":[\"https:\/\/puntodereferencia.com.ar\/index.php\/2026\/04\/27\/15333\/\"]}]},{\"@type\":\"BreadcrumbList\",\"@id\":\"https:\/\/puntodereferencia.com.ar\/index.php\/2026\/04\/27\/15333\/#breadcrumb\",\"itemListElement\":[{\"@type\":\"ListItem\",\"position\":1,\"name\":\"Inicio\",\"item\":\"https:\/\/puntodereferencia.com.ar\/\"},{\"@type\":\"ListItem\",\"position\":2,\"name\":\"\"}]},{\"@type\":\"Person\",\"@id\":\"https:\/\/puntodereferencia.com.ar\/#\/schema\/person\/20515f63cb838bea48da9f8f1b31672c\",\"name\":\"Jesica Ibarra\",\"image\":{\"@type\":\"ImageObject\",\"@id\":\"https:\/\/puntodereferencia.com.ar\/#personlogo\",\"inLanguage\":\"es\",\"url\":\"https:\/\/secure.gravatar.com\/avatar\/51981cafa261fc2180a1b6eb2d0d46ed1028dc6610d8e6b2a32935dbb9be7e09?s=96&d=mm&r=g\",\"contentUrl\":\"https:\/\/secure.gravatar.com\/avatar\/51981cafa261fc2180a1b6eb2d0d46ed1028dc6610d8e6b2a32935dbb9be7e09?s=96&d=mm&r=g\",\"caption\":\"Jesica Ibarra\"},\"url\":\"https:\/\/puntodereferencia.com.ar\/index.php\/author\/jesica-ibarra\/\"}]}<\/script>\n<!-- \/ Yoast SEO plugin. -->","yoast_head_json":{"title":"- Punto de Referencia","robots":{"index":"index","follow":"follow","max-snippet":"max-snippet:-1","max-image-preview":"max-image-preview:large","max-video-preview":"max-video-preview:-1"},"canonical":"https:\/\/puntodereferencia.com.ar\/index.php\/2026\/04\/27\/15333\/","og_locale":"es_ES","og_type":"article","og_title":"- Punto de Referencia","og_description":"Ramada Paso inaugur\u00f3 un destacamento del PRIAR y refuerza la lucha contra el abigeato La nueva dependencia permitir\u00e1 mayor presencia","og_url":"https:\/\/puntodereferencia.com.ar\/index.php\/2026\/04\/27\/15333\/","og_site_name":"Punto de Referencia","article_published_time":"2026-04-27T22:19:43+00:00","article_modified_time":"2026-04-28T22:23:36+00:00","og_image":[{"width":1040,"height":694,"filesize":103950,"url":"http:\/\/puntodereferencia.com.ar\/wp-content\/uploads\/2026\/04\/WhatsApp-Image-2026-04-28-at-10.06.16-1-1.jpeg","path":"\/home\/u322846391\/domains\/puntodereferencia.com.ar\/public_html\/wp-content\/uploads\/2026\/04\/WhatsApp-Image-2026-04-28-at-10.06.16-1-1.jpeg","size":"full","id":15327,"alt":"","pixels":721760,"type":"image\/jpeg"}],"twitter_card":"summary_large_image","twitter_misc":{"Escrito por":"Jesica Ibarra","Tiempo de lectura":"2 minutos"},"schema":{"@context":"https:\/\/schema.org","@graph":[{"@type":"WebSite","@id":"https:\/\/puntodereferencia.com.ar\/#website","url":"https:\/\/puntodereferencia.com.ar\/","name":"Punto de Referencia","description":"con Miguel Pelozo","potentialAction":[{"@type":"SearchAction","target":{"@type":"EntryPoint","urlTemplate":"https:\/\/puntodereferencia.com.ar\/?s={search_term_string}"},"query-input":"required name=search_term_string"}],"inLanguage":"es"},{"@type":"ImageObject","@id":"https:\/\/puntodereferencia.com.ar\/index.php\/2026\/04\/27\/15333\/#primaryimage","inLanguage":"es","url":"https:\/\/puntodereferencia.com.ar\/wp-content\/uploads\/2026\/04\/WhatsApp-Image-2026-04-28-at-10.06.16-1-1.jpeg","contentUrl":"https:\/\/puntodereferencia.com.ar\/wp-content\/uploads\/2026\/04\/WhatsApp-Image-2026-04-28-at-10.06.16-1-1.jpeg","width":1040,"height":694},{"@type":"WebPage","@id":"https:\/\/puntodereferencia.com.ar\/index.php\/2026\/04\/27\/15333\/#webpage","url":"https:\/\/puntodereferencia.com.ar\/index.php\/2026\/04\/27\/15333\/","name":"- Punto de Referencia","isPartOf":{"@id":"https:\/\/puntodereferencia.com.ar\/#website"},"primaryImageOfPage":{"@id":"https:\/\/puntodereferencia.com.ar\/index.php\/2026\/04\/27\/15333\/#primaryimage"},"datePublished":"2026-04-27T22:19:43+00:00","dateModified":"2026-04-28T22:23:36+00:00","author":{"@id":"https:\/\/puntodereferencia.com.ar\/#\/schema\/person\/20515f63cb838bea48da9f8f1b31672c"},"breadcrumb":{"@id":"https:\/\/puntodereferencia.com.ar\/index.php\/2026\/04\/27\/15333\/#breadcrumb"},"inLanguage":"es","potentialAction":[{"@type":"ReadAction","target":["https:\/\/puntodereferencia.com.ar\/index.php\/2026\/04\/27\/15333\/"]}]},{"@type":"BreadcrumbList","@id":"https:\/\/puntodereferencia.com.ar\/index.php\/2026\/04\/27\/15333\/#breadcrumb","itemListElement":[{"@type":"ListItem","position":1,"name":"Inicio","item":"https:\/\/puntodereferencia.com.ar\/"},{"@type":"ListItem","position":2,"name":""}]},{"@type":"Person","@id":"https:\/\/puntodereferencia.com.ar\/#\/schema\/person\/20515f63cb838bea48da9f8f1b31672c","name":"Jesica Ibarra","image":{"@type":"ImageObject","@id":"https:\/\/puntodereferencia.com.ar\/#personlogo","inLanguage":"es","url":"https:\/\/secure.gravatar.com\/avatar\/51981cafa261fc2180a1b6eb2d0d46ed1028dc6610d8e6b2a32935dbb9be7e09?s=96&d=mm&r=g","contentUrl":"https:\/\/secure.gravatar.com\/avatar\/51981cafa261fc2180a1b6eb2d0d46ed1028dc6610d8e6b2a32935dbb9be7e09?s=96&d=mm&r=g","caption":"Jesica Ibarra"},"url":"https:\/\/puntodereferencia.com.ar\/index.php\/author\/jesica-ibarra\/"}]}},"_links":{"self":[{"href":"https:\/\/puntodereferencia.com.ar\/index.php\/wp-json\/wp\/v2\/posts\/15333","targetHints":{"allow":["GET"]}}],"collection":[{"href":"https:\/\/puntodereferencia.com.ar\/index.php\/wp-json\/wp\/v2\/posts"}],"about":[{"href":"https:\/\/puntodereferencia.com.ar\/index.php\/wp-json\/wp\/v2\/types\/post"}],"author":[{"embeddable":true,"href":"https:\/\/puntodereferencia.com.ar\/index.php\/wp-json\/wp\/v2\/users\/3"}],"replies":[{"embeddable":true,"href":"https:\/\/puntodereferencia.com.ar\/index.php\/wp-json\/wp\/v2\/comments?post=15333"}],"version-history":[{"count":1,"href":"https:\/\/puntodereferencia.com.ar\/index.php\/wp-json\/wp\/v2\/posts\/15333\/revisions"}],"predecessor-version":[{"id":15334,"href":"https:\/\/puntodereferencia.com.ar\/index.php\/wp-json\/wp\/v2\/posts\/15333\/revisions\/15334"}],"wp:featuredmedia":[{"embeddable":true,"href":"https:\/\/puntodereferencia.com.ar\/index.php\/wp-json\/wp\/v2\/media\/15327"}],"wp:attachment":[{"href":"https:\/\/puntodereferencia.com.ar\/index.php\/wp-json\/wp\/v2\/media?parent=15333"}],"wp:term":[{"taxonomy":"category","embeddable":true,"href":"https:\/\/puntodereferencia.com.ar\/index.php\/wp-json\/wp\/v2\/categories?post=15333"},{"taxonomy":"post_tag","embeddable":true,"href":"https:\/\/puntodereferencia.com.ar\/index.php\/wp-json\/wp\/v2\/tags?post=15333"}],"curies":[{"name":"wp","href":"https:\/\/api.w.org\/{rel}","templated":true}]}}