{"id":15335,"date":"2026-04-28T19:28:09","date_gmt":"2026-04-28T22:28:09","guid":{"rendered":"https:\/\/puntodereferencia.com.ar\/?p=15335"},"modified":"2026-04-28T19:44:22","modified_gmt":"2026-04-28T22:44:22","slug":"fedecoop-destaco-el-crecimiento-del-sector-y-la-articulacion-con-el-estado","status":"publish","type":"post","link":"https:\/\/puntodereferencia.com.ar\/index.php\/2026\/04\/28\/fedecoop-destaco-el-crecimiento-del-sector-y-la-articulacion-con-el-estado\/","title":{"rendered":"FEDECOOP destac\u00f3 el crecimiento del sector y la articulaci\u00f3n con el Estado"},"content":{"rendered":"\n<p><em>Jorge Gandolfo, presidente de la federaci\u00f3n, analiz\u00f3 en el Programa Punto de Referencia de Miguel Pelozo, la actualidad de las cooperativas tras la asamblea anual y remarc\u00f3 la necesidad de fortalecer la comunicaci\u00f3n y el trabajo conjunto.<\/em><\/p>\n\n\n\n<p>En el marco de la Asamblea Anual Ordinaria de la Federaci\u00f3n de Cooperativas de Corrientes (FEDECOOP), su presidente, Jorge Gandolfo, destac\u00f3 la consolidaci\u00f3n institucional del sector y el acompa\u00f1amiento a las entidades de toda la provincia. En di\u00e1logo en los estudios de Radio LT7, durante el programa Punto de Referencia conducido por Miguel Pelozo, se\u00f1al\u00f3 que actualmente la federaci\u00f3n nuclea a 61 cooperativas, mientras que en Corrientes existen entre 100 y 110 entidades activas.<br>Gandolfo valor\u00f3 la ratificaci\u00f3n del Consejo de Administraci\u00f3n como una se\u00f1al de continuidad y afirm\u00f3 que el principal rol de la federaci\u00f3n es \u201cla representaci\u00f3n gremial y el acompa\u00f1amiento a las cooperativas en su desarrollo\u201d. En ese sentido, subray\u00f3 la diversidad del sector: \u201cNacimos siendo netamente agropecuarios, pero con el tiempo incorporamos cooperativas de trabajo y urbanas, lo que nos permiti\u00f3 adaptarnos a las nuevas realidades productivas\u201d.<br>El titular de FEDECOOP tambi\u00e9n hizo hincapi\u00e9 en el potencial productivo del cooperativismo correntino, con experiencias de exportaci\u00f3n de miel, frutas, yerba mate y arroz, aunque reconoci\u00f3 una debilidad en la difusi\u00f3n: \u201cTenemos cooperativas que exportan a Europa o Jap\u00f3n, pero nos falta comunicar mejor todo lo que hacemos para que la sociedad conozca el verdadero alcance del sector\u201d.<br>Finalmente, Gandolfo remarc\u00f3 la importancia del trabajo articulado entre el sector p\u00fablico y privado, y adelant\u00f3 una agenda de actividades para fortalecer el cooperativismo. \u201cEstamos acostumbrados a trabajar de manera conjunta, porque nadie en forma individual logra resultados. La sinergia con el Estado y las instituciones es clave para el desarrollo de la provincia\u201d, concluy\u00f3.<\/p>\n\n\n\n<figure class=\"wp-block-image size-large\"><img loading=\"lazy\" decoding=\"async\" width=\"1024\" height=\"768\" src=\"http:\/\/puntodereferencia.com.ar\/wp-content\/uploads\/2026\/04\/WhatsApp-Image-2026-04-28-at-18.13.28-1-1024x768.jpeg\" alt=\"\" class=\"wp-image-15338\" srcset=\"https:\/\/puntodereferencia.com.ar\/wp-content\/uploads\/2026\/04\/WhatsApp-Image-2026-04-28-at-18.13.28-1-1024x768.jpeg 1024w, https:\/\/puntodereferencia.com.ar\/wp-content\/uploads\/2026\/04\/WhatsApp-Image-2026-04-28-at-18.13.28-1-300x225.jpeg 300w, https:\/\/puntodereferencia.com.ar\/wp-content\/uploads\/2026\/04\/WhatsApp-Image-2026-04-28-at-18.13.28-1-768x576.jpeg 768w, https:\/\/puntodereferencia.com.ar\/wp-content\/uploads\/2026\/04\/WhatsApp-Image-2026-04-28-at-18.13.28-1-1536x1152.jpeg 1536w, https:\/\/puntodereferencia.com.ar\/wp-content\/uploads\/2026\/04\/WhatsApp-Image-2026-04-28-at-18.13.28-1.jpeg 1600w\" sizes=\"auto, (max-width: 1024px) 100vw, 1024px\" \/><\/figure>\n","protected":false},"excerpt":{"rendered":"<p>Jorge Gandolfo, presidente de la federaci\u00f3n, analiz\u00f3 en el Programa Punto de Referencia de Miguel Pelozo, la actualidad de las<\/p>\n","protected":false},"author":3,"featured_media":15337,"comment_status":"open","ping_status":"open","sticky":false,"template":"","format":"standard","meta":{"colormag_page_container_layout":"default_layout","colormag_page_sidebar_layout":"default_layout","footnotes":""},"categories":[21],"tags":[],"class_list":["post-15335","post","type-post","status-publish","format-standard","has-post-thumbnail","hentry","category-informacion-general"],"yoast_head":"<!-- This site is optimized with the Yoast SEO plugin v17.2.1 - https:\/\/yoast.com\/wordpress\/plugins\/seo\/ -->\n<title>FEDECOOP destac\u00f3 el crecimiento del sector y la articulaci\u00f3n con el Estado - Punto de Referencia<\/title>\n<meta name=\"robots\" content=\"index, follow, max-snippet:-1, max-image-preview:large, max-video-preview:-1\" \/>\n<link rel=\"canonical\" href=\"https:\/\/puntodereferencia.com.ar\/index.php\/2026\/04\/28\/fedecoop-destaco-el-crecimiento-del-sector-y-la-articulacion-con-el-estado\/\" \/>\n<meta property=\"og:locale\" content=\"es_ES\" \/>\n<meta property=\"og:type\" content=\"article\" \/>\n<meta property=\"og:title\" content=\"FEDECOOP destac\u00f3 el crecimiento del sector y la articulaci\u00f3n con el Estado - Punto de Referencia\" \/>\n<meta property=\"og:description\" content=\"Jorge Gandolfo, presidente de la federaci\u00f3n, analiz\u00f3 en el Programa Punto de Referencia de Miguel Pelozo, la actualidad de las\" \/>\n<meta property=\"og:url\" content=\"https:\/\/puntodereferencia.com.ar\/index.php\/2026\/04\/28\/fedecoop-destaco-el-crecimiento-del-sector-y-la-articulacion-con-el-estado\/\" \/>\n<meta property=\"og:site_name\" content=\"Punto de Referencia\" \/>\n<meta property=\"article:published_time\" content=\"2026-04-28T22:28:09+00:00\" \/>\n<meta property=\"article:modified_time\" content=\"2026-04-28T22:44:22+00:00\" \/>\n<meta property=\"og:image\" content=\"http:\/\/puntodereferencia.com.ar\/wp-content\/uploads\/2026\/04\/WhatsApp-Image-2026-04-28-at-18.14.05.jpeg\" \/>\n\t<meta property=\"og:image:width\" content=\"1600\" \/>\n\t<meta property=\"og:image:height\" content=\"1200\" \/>\n<meta name=\"twitter:card\" content=\"summary_large_image\" \/>\n<meta name=\"twitter:label1\" content=\"Escrito por\" \/>\n\t<meta name=\"twitter:data1\" content=\"Jesica Ibarra\" \/>\n\t<meta name=\"twitter:label2\" content=\"Tiempo de lectura\" \/>\n\t<meta name=\"twitter:data2\" content=\"2 minutos\" \/>\n<script type=\"application\/ld+json\" class=\"yoast-schema-graph\">{\"@context\":\"https:\/\/schema.org\",\"@graph\":[{\"@type\":\"WebSite\",\"@id\":\"https:\/\/puntodereferencia.com.ar\/#website\",\"url\":\"https:\/\/puntodereferencia.com.ar\/\",\"name\":\"Punto de Referencia\",\"description\":\"con Miguel Pelozo\",\"potentialAction\":[{\"@type\":\"SearchAction\",\"target\":{\"@type\":\"EntryPoint\",\"urlTemplate\":\"https:\/\/puntodereferencia.com.ar\/?s={search_term_string}\"},\"query-input\":\"required name=search_term_string\"}],\"inLanguage\":\"es\"},{\"@type\":\"ImageObject\",\"@id\":\"https:\/\/puntodereferencia.com.ar\/index.php\/2026\/04\/28\/fedecoop-destaco-el-crecimiento-del-sector-y-la-articulacion-con-el-estado\/#primaryimage\",\"inLanguage\":\"es\",\"url\":\"https:\/\/puntodereferencia.com.ar\/wp-content\/uploads\/2026\/04\/WhatsApp-Image-2026-04-28-at-18.14.05.jpeg\",\"contentUrl\":\"https:\/\/puntodereferencia.com.ar\/wp-content\/uploads\/2026\/04\/WhatsApp-Image-2026-04-28-at-18.14.05.jpeg\",\"width\":1600,\"height\":1200},{\"@type\":\"WebPage\",\"@id\":\"https:\/\/puntodereferencia.com.ar\/index.php\/2026\/04\/28\/fedecoop-destaco-el-crecimiento-del-sector-y-la-articulacion-con-el-estado\/#webpage\",\"url\":\"https:\/\/puntodereferencia.com.ar\/index.php\/2026\/04\/28\/fedecoop-destaco-el-crecimiento-del-sector-y-la-articulacion-con-el-estado\/\",\"name\":\"FEDECOOP destac\\u00f3 el crecimiento del sector y la articulaci\\u00f3n con el Estado - Punto de Referencia\",\"isPartOf\":{\"@id\":\"https:\/\/puntodereferencia.com.ar\/#website\"},\"primaryImageOfPage\":{\"@id\":\"https:\/\/puntodereferencia.com.ar\/index.php\/2026\/04\/28\/fedecoop-destaco-el-crecimiento-del-sector-y-la-articulacion-con-el-estado\/#primaryimage\"},\"datePublished\":\"2026-04-28T22:28:09+00:00\",\"dateModified\":\"2026-04-28T22:44:22+00:00\",\"author\":{\"@id\":\"https:\/\/puntodereferencia.com.ar\/#\/schema\/person\/20515f63cb838bea48da9f8f1b31672c\"},\"breadcrumb\":{\"@id\":\"https:\/\/puntodereferencia.com.ar\/index.php\/2026\/04\/28\/fedecoop-destaco-el-crecimiento-del-sector-y-la-articulacion-con-el-estado\/#breadcrumb\"},\"inLanguage\":\"es\",\"potentialAction\":[{\"@type\":\"ReadAction\",\"target\":[\"https:\/\/puntodereferencia.com.ar\/index.php\/2026\/04\/28\/fedecoop-destaco-el-crecimiento-del-sector-y-la-articulacion-con-el-estado\/\"]}]},{\"@type\":\"BreadcrumbList\",\"@id\":\"https:\/\/puntodereferencia.com.ar\/index.php\/2026\/04\/28\/fedecoop-destaco-el-crecimiento-del-sector-y-la-articulacion-con-el-estado\/#breadcrumb\",\"itemListElement\":[{\"@type\":\"ListItem\",\"position\":1,\"name\":\"Inicio\",\"item\":\"https:\/\/puntodereferencia.com.ar\/\"},{\"@type\":\"ListItem\",\"position\":2,\"name\":\"FEDECOOP destac\\u00f3 el crecimiento del sector y la articulaci\\u00f3n con el Estado\"}]},{\"@type\":\"Person\",\"@id\":\"https:\/\/puntodereferencia.com.ar\/#\/schema\/person\/20515f63cb838bea48da9f8f1b31672c\",\"name\":\"Jesica Ibarra\",\"image\":{\"@type\":\"ImageObject\",\"@id\":\"https:\/\/puntodereferencia.com.ar\/#personlogo\",\"inLanguage\":\"es\",\"url\":\"https:\/\/secure.gravatar.com\/avatar\/51981cafa261fc2180a1b6eb2d0d46ed1028dc6610d8e6b2a32935dbb9be7e09?s=96&d=mm&r=g\",\"contentUrl\":\"https:\/\/secure.gravatar.com\/avatar\/51981cafa261fc2180a1b6eb2d0d46ed1028dc6610d8e6b2a32935dbb9be7e09?s=96&d=mm&r=g\",\"caption\":\"Jesica Ibarra\"},\"url\":\"https:\/\/puntodereferencia.com.ar\/index.php\/author\/jesica-ibarra\/\"}]}<\/script>\n<!-- \/ Yoast SEO plugin. -->","yoast_head_json":{"title":"FEDECOOP destac\u00f3 el crecimiento del sector y la articulaci\u00f3n con el Estado - Punto de Referencia","robots":{"index":"index","follow":"follow","max-snippet":"max-snippet:-1","max-image-preview":"max-image-preview:large","max-video-preview":"max-video-preview:-1"},"canonical":"https:\/\/puntodereferencia.com.ar\/index.php\/2026\/04\/28\/fedecoop-destaco-el-crecimiento-del-sector-y-la-articulacion-con-el-estado\/","og_locale":"es_ES","og_type":"article","og_title":"FEDECOOP destac\u00f3 el crecimiento del sector y la articulaci\u00f3n con el Estado - Punto de Referencia","og_description":"Jorge Gandolfo, presidente de la federaci\u00f3n, analiz\u00f3 en el Programa Punto de Referencia de Miguel Pelozo, la actualidad de las","og_url":"https:\/\/puntodereferencia.com.ar\/index.php\/2026\/04\/28\/fedecoop-destaco-el-crecimiento-del-sector-y-la-articulacion-con-el-estado\/","og_site_name":"Punto de Referencia","article_published_time":"2026-04-28T22:28:09+00:00","article_modified_time":"2026-04-28T22:44:22+00:00","og_image":[{"width":1600,"height":1200,"filesize":125547,"url":"http:\/\/puntodereferencia.com.ar\/wp-content\/uploads\/2026\/04\/WhatsApp-Image-2026-04-28-at-18.14.05.jpeg","path":"\/home\/u322846391\/domains\/puntodereferencia.com.ar\/public_html\/wp-content\/uploads\/2026\/04\/WhatsApp-Image-2026-04-28-at-18.14.05.jpeg","size":"full","id":15337,"alt":"","pixels":1920000,"type":"image\/jpeg"}],"twitter_card":"summary_large_image","twitter_misc":{"Escrito por":"Jesica Ibarra","Tiempo de lectura":"2 minutos"},"schema":{"@context":"https:\/\/schema.org","@graph":[{"@type":"WebSite","@id":"https:\/\/puntodereferencia.com.ar\/#website","url":"https:\/\/puntodereferencia.com.ar\/","name":"Punto de Referencia","description":"con Miguel Pelozo","potentialAction":[{"@type":"SearchAction","target":{"@type":"EntryPoint","urlTemplate":"https:\/\/puntodereferencia.com.ar\/?s={search_term_string}"},"query-input":"required name=search_term_string"}],"inLanguage":"es"},{"@type":"ImageObject","@id":"https:\/\/puntodereferencia.com.ar\/index.php\/2026\/04\/28\/fedecoop-destaco-el-crecimiento-del-sector-y-la-articulacion-con-el-estado\/#primaryimage","inLanguage":"es","url":"https:\/\/puntodereferencia.com.ar\/wp-content\/uploads\/2026\/04\/WhatsApp-Image-2026-04-28-at-18.14.05.jpeg","contentUrl":"https:\/\/puntodereferencia.com.ar\/wp-content\/uploads\/2026\/04\/WhatsApp-Image-2026-04-28-at-18.14.05.jpeg","width":1600,"height":1200},{"@type":"WebPage","@id":"https:\/\/puntodereferencia.com.ar\/index.php\/2026\/04\/28\/fedecoop-destaco-el-crecimiento-del-sector-y-la-articulacion-con-el-estado\/#webpage","url":"https:\/\/puntodereferencia.com.ar\/index.php\/2026\/04\/28\/fedecoop-destaco-el-crecimiento-del-sector-y-la-articulacion-con-el-estado\/","name":"FEDECOOP destac\u00f3 el crecimiento del sector y la articulaci\u00f3n con el Estado - Punto de Referencia","isPartOf":{"@id":"https:\/\/puntodereferencia.com.ar\/#website"},"primaryImageOfPage":{"@id":"https:\/\/puntodereferencia.com.ar\/index.php\/2026\/04\/28\/fedecoop-destaco-el-crecimiento-del-sector-y-la-articulacion-con-el-estado\/#primaryimage"},"datePublished":"2026-04-28T22:28:09+00:00","dateModified":"2026-04-28T22:44:22+00:00","author":{"@id":"https:\/\/puntodereferencia.com.ar\/#\/schema\/person\/20515f63cb838bea48da9f8f1b31672c"},"breadcrumb":{"@id":"https:\/\/puntodereferencia.com.ar\/index.php\/2026\/04\/28\/fedecoop-destaco-el-crecimiento-del-sector-y-la-articulacion-con-el-estado\/#breadcrumb"},"inLanguage":"es","potentialAction":[{"@type":"ReadAction","target":["https:\/\/puntodereferencia.com.ar\/index.php\/2026\/04\/28\/fedecoop-destaco-el-crecimiento-del-sector-y-la-articulacion-con-el-estado\/"]}]},{"@type":"BreadcrumbList","@id":"https:\/\/puntodereferencia.com.ar\/index.php\/2026\/04\/28\/fedecoop-destaco-el-crecimiento-del-sector-y-la-articulacion-con-el-estado\/#breadcrumb","itemListElement":[{"@type":"ListItem","position":1,"name":"Inicio","item":"https:\/\/puntodereferencia.com.ar\/"},{"@type":"ListItem","position":2,"name":"FEDECOOP destac\u00f3 el crecimiento del sector y la articulaci\u00f3n con el Estado"}]},{"@type":"Person","@id":"https:\/\/puntodereferencia.com.ar\/#\/schema\/person\/20515f63cb838bea48da9f8f1b31672c","name":"Jesica Ibarra","image":{"@type":"ImageObject","@id":"https:\/\/puntodereferencia.com.ar\/#personlogo","inLanguage":"es","url":"https:\/\/secure.gravatar.com\/avatar\/51981cafa261fc2180a1b6eb2d0d46ed1028dc6610d8e6b2a32935dbb9be7e09?s=96&d=mm&r=g","contentUrl":"https:\/\/secure.gravatar.com\/avatar\/51981cafa261fc2180a1b6eb2d0d46ed1028dc6610d8e6b2a32935dbb9be7e09?s=96&d=mm&r=g","caption":"Jesica Ibarra"},"url":"https:\/\/puntodereferencia.com.ar\/index.php\/author\/jesica-ibarra\/"}]}},"_links":{"self":[{"href":"https:\/\/puntodereferencia.com.ar\/index.php\/wp-json\/wp\/v2\/posts\/15335","targetHints":{"allow":["GET"]}}],"collection":[{"href":"https:\/\/puntodereferencia.com.ar\/index.php\/wp-json\/wp\/v2\/posts"}],"about":[{"href":"https:\/\/puntodereferencia.com.ar\/index.php\/wp-json\/wp\/v2\/types\/post"}],"author":[{"embeddable":true,"href":"https:\/\/puntodereferencia.com.ar\/index.php\/wp-json\/wp\/v2\/users\/3"}],"replies":[{"embeddable":true,"href":"https:\/\/puntodereferencia.com.ar\/index.php\/wp-json\/wp\/v2\/comments?post=15335"}],"version-history":[{"count":1,"href":"https:\/\/puntodereferencia.com.ar\/index.php\/wp-json\/wp\/v2\/posts\/15335\/revisions"}],"predecessor-version":[{"id":15339,"href":"https:\/\/puntodereferencia.com.ar\/index.php\/wp-json\/wp\/v2\/posts\/15335\/revisions\/15339"}],"wp:featuredmedia":[{"embeddable":true,"href":"https:\/\/puntodereferencia.com.ar\/index.php\/wp-json\/wp\/v2\/media\/15337"}],"wp:attachment":[{"href":"https:\/\/puntodereferencia.com.ar\/index.php\/wp-json\/wp\/v2\/media?parent=15335"}],"wp:term":[{"taxonomy":"category","embeddable":true,"href":"https:\/\/puntodereferencia.com.ar\/index.php\/wp-json\/wp\/v2\/categories?post=15335"},{"taxonomy":"post_tag","embeddable":true,"href":"https:\/\/puntodereferencia.com.ar\/index.php\/wp-json\/wp\/v2\/tags?post=15335"}],"curies":[{"name":"wp","href":"https:\/\/api.w.org\/{rel}","templated":true}]}}